{"id":10783,"date":"2023-10-20T08:14:15","date_gmt":"2023-10-20T11:14:15","guid":{"rendered":"http:\/\/zoomproducciones.com.ar\/zoomp\/?p=10783"},"modified":"2023-10-20T08:14:16","modified_gmt":"2023-10-20T11:14:16","slug":"asi-cerraron-sus-campanas-massa-bullrich-y-milei-de-cara-al-domingo-electoral","status":"publish","type":"post","link":"https:\/\/zoomproducciones.com.ar\/zoomp\/asi-cerraron-sus-campanas-massa-bullrich-y-milei-de-cara-al-domingo-electoral\/","title":{"rendered":"As\u00ed cerraron sus campa\u00f1as Massa, Bullrich y Milei de cara al domingo electoral"},"content":{"rendered":"\n<p>Este jueves, en sus respectivos actos, Sergio Massa y Patricia Bullrich cerraron campa\u00f1a de cara a lo que ser\u00e1n las elecciones de este domingo. Javier Milei ya lo hab\u00eda hecho el mi\u00e9rcoles en el Movistar Arena de Buenos Aires.<\/p>\n\n\n\n<h2 class=\"wp-block-heading\">Javier Milei<\/h2>\n\n\n\n<p>Al igual que en el cierre de campa\u00f1a de las PASO,\u00a0<strong>el escenario fue el Movistar Arena<\/strong>, armado con est\u00e9tica de recital. Con su discurso que lo representa, Milei exigi\u00f3 volver a abrazar las ideas liberales y terminar con \u00bbla casta pol\u00edtica y los periodistas ensobrados\u00bb.<\/p>\n\n\n\n<p>\u00abTenemos que volver a abrazar las ideas de la Constituci\u00f3n de Alberdi. Tenemos que volver a 1860, cuando\u00a0<strong>de ser un pa\u00eds de b\u00e1rbaros<\/strong>, en 35 a\u00f1os nos convertimos en la primera potencia mundial\u00bb expres\u00f3 a los gritos.<\/p>\n\n\n\n<figure class=\"wp-block-embed is-type-video is-provider-youtube wp-block-embed-youtube wp-embed-aspect-16-9 wp-has-aspect-ratio\"><div class=\"wp-block-embed__wrapper\">\n<iframe loading=\"lazy\"  id=\"_ytid_52869\"  width=\"1000\" height=\"562\"  data-origwidth=\"1000\" data-origheight=\"562\" src=\"https:\/\/www.youtube.com\/embed\/PM8g5KX744E?enablejsapi=1&#038;autoplay=0&#038;cc_load_policy=0&#038;cc_lang_pref=&#038;iv_load_policy=1&#038;loop=0&#038;rel=1&#038;fs=1&#038;playsinline=0&#038;autohide=2&#038;theme=dark&#038;color=red&#038;controls=1&#038;disablekb=0&#038;\" class=\"__youtube_prefs__  epyt-is-override  no-lazyload\" title=\"YouTube player\"  allow=\"fullscreen; accelerometer; autoplay; clipboard-write; encrypted-media; gyroscope; picture-in-picture; web-share\" referrerpolicy=\"strict-origin-when-cross-origin\" allowfullscreen data-no-lazy=\"1\" data-skipgform_ajax_framebjll=\"\"><\/iframe>\n<\/div><\/figure>\n\n\n\n<h2 class=\"wp-block-heading\">Sergio Massa<\/h2>\n\n\n\n<p>Desde una f\u00e1brica de la ciudad bonaerense de Pilar, el lugar elegido para el cierre de campa\u00f1a de UxP,\u00a0<strong>Massa\u00a0llam\u00f3 a votar con la \u00abbandera\u00bb argentina en las elecciones del domingo<\/strong>. <\/p>\n\n\n\n<p>\u00abEl domingo decidimos si amamos nuestra bandera o no\u00bb expres\u00f3.<\/p>\n\n\n\n<p>El Ministro de Econom\u00eda <strong>defendi\u00f3 la necesidad de \u00abpromover el trabajo y ayudar a aquellos que est\u00e1n en la econom\u00eda popular y el trabajo informal porque el Estado los abandon\u00f3 y los tenemos que abrazar\u00bb<\/strong>.<\/p>\n\n\n\n<p>\u00abEscucho hablar de recortar a las provincias y eliminar la coparticipaci\u00f3n. Tuve la suerte de recorrer de punta a punta la Argentina y les puedo asegurar que <strong>en el norte est\u00e1 gran parte del futuro de nuestra patria,<\/strong> por lo que representan no s\u00f3lo los minerales sino el corredor bioce\u00e1nico, que se transforma en el coraz\u00f3n del Mercosur\u00bb, expres\u00f3.<\/p>\n\n\n\n<figure class=\"wp-block-embed is-type-video is-provider-youtube wp-block-embed-youtube wp-embed-aspect-16-9 wp-has-aspect-ratio\"><div class=\"wp-block-embed__wrapper\">\n<iframe loading=\"lazy\"  id=\"_ytid_77805\"  width=\"1000\" height=\"562\"  data-origwidth=\"1000\" data-origheight=\"562\" src=\"https:\/\/www.youtube.com\/embed\/6bikFX6VNwQ?enablejsapi=1&#038;autoplay=0&#038;cc_load_policy=0&#038;cc_lang_pref=&#038;iv_load_policy=1&#038;loop=0&#038;rel=1&#038;fs=1&#038;playsinline=0&#038;autohide=2&#038;theme=dark&#038;color=red&#038;controls=1&#038;disablekb=0&#038;\" class=\"__youtube_prefs__  epyt-is-override  no-lazyload\" title=\"YouTube player\"  allow=\"fullscreen; accelerometer; autoplay; clipboard-write; encrypted-media; gyroscope; picture-in-picture; web-share\" referrerpolicy=\"strict-origin-when-cross-origin\" allowfullscreen data-no-lazy=\"1\" data-skipgform_ajax_framebjll=\"\"><\/iframe>\n<\/div><\/figure>\n\n\n\n<h2 class=\"wp-block-heading\">Patricia Bullrich<\/h2>\n\n\n\n<p>La candidata de JxC realiz\u00f3 su cierre de campa\u00f1a en el municipio bonaerense de Lomas de Zamora, precisamente en la Plaza Ra\u00fal Alfons\u00edn. <strong>\u00abSabemos como ordenar y devolver la felicidad a los argentinos, No venimos improvisados, tenemos un plan claro. Desde el lugar que lo deje Sergio Massa vamos a empezar a trabajar y lo vamos a sacar adelante<\/strong>\u00bb expres\u00f3.<\/p>\n\n\n\n<p>Bullrich enmarc\u00f3 su discurso con cr\u00edticas al candidato de Uni\u00f3n por la Patria (UxP), Sergio Massa, a quien calific\u00f3 como <strong>\u00abel peor ministro de Econom\u00eda\u00bb<\/strong>, y tambi\u00e9n apunt\u00f3 al postulante presidencial de La Libertad Avanza (LLA), Javier Milei, de quien dijo que tiene ideas <strong>\u00abmalas y peligrosas\u00bb.<\/strong><\/p>\n\n\n\n<p><strong>\u00abVamos a dar vuelta la tortilla, el dinero para la gente, y el Estado tiene que atender lo fundamental, que son los m\u00e9dicos, los maestros, los polic\u00edas y las Fuerzas Armadas\u00bb, explic\u00f3<\/strong>.<\/p>\n\n\n\n<figure class=\"wp-block-embed is-type-video is-provider-youtube wp-block-embed-youtube wp-embed-aspect-16-9 wp-has-aspect-ratio\"><div class=\"wp-block-embed__wrapper\">\n<iframe loading=\"lazy\"  id=\"_ytid_66007\"  width=\"1000\" height=\"562\"  data-origwidth=\"1000\" data-origheight=\"562\" src=\"https:\/\/www.youtube.com\/embed\/qm2sV2Vbfm4?enablejsapi=1&#038;autoplay=0&#038;cc_load_policy=0&#038;cc_lang_pref=&#038;iv_load_policy=1&#038;loop=0&#038;rel=1&#038;fs=1&#038;playsinline=0&#038;autohide=2&#038;theme=dark&#038;color=red&#038;controls=1&#038;disablekb=0&#038;\" class=\"__youtube_prefs__  epyt-is-override  no-lazyload\" title=\"YouTube player\"  allow=\"fullscreen; accelerometer; autoplay; clipboard-write; encrypted-media; gyroscope; picture-in-picture; web-share\" referrerpolicy=\"strict-origin-when-cross-origin\" allowfullscreen data-no-lazy=\"1\" data-skipgform_ajax_framebjll=\"\"><\/iframe>\n<\/div><\/figure>\n","protected":false},"excerpt":{"rendered":"<p>Este jueves, en sus respectivos actos, Sergio Massa y Patricia Bullrich cerraron campa\u00f1a de cara a lo que ser\u00e1n las elecciones de este domingo. Javier Milei ya lo hab\u00eda hecho el mi\u00e9rcoles en el Movistar Arena de Buenos Aires. Javier Milei Al igual que en el cierre de campa\u00f1a de las PASO,\u00a0el escenario fue el [&hellip;]<\/p>\n","protected":false},"author":2,"featured_media":0,"comment_status":"closed","ping_status":"open","sticky":false,"template":"","format":"standard","meta":{"footnotes":""},"categories":[8],"tags":[118,42],"class_list":{"0":"post-10783","1":"post","2":"type-post","3":"status-publish","4":"format-standard","6":"category-nacionales","7":"tag-argentina","8":"tag-featured"},"_links":{"self":[{"href":"https:\/\/zoomproducciones.com.ar\/zoomp\/wp-json\/wp\/v2\/posts\/10783","targetHints":{"allow":["GET"]}}],"collection":[{"href":"https:\/\/zoomproducciones.com.ar\/zoomp\/wp-json\/wp\/v2\/posts"}],"about":[{"href":"https:\/\/zoomproducciones.com.ar\/zoomp\/wp-json\/wp\/v2\/types\/post"}],"author":[{"embeddable":true,"href":"https:\/\/zoomproducciones.com.ar\/zoomp\/wp-json\/wp\/v2\/users\/2"}],"replies":[{"embeddable":true,"href":"https:\/\/zoomproducciones.com.ar\/zoomp\/wp-json\/wp\/v2\/comments?post=10783"}],"version-history":[{"count":1,"href":"https:\/\/zoomproducciones.com.ar\/zoomp\/wp-json\/wp\/v2\/posts\/10783\/revisions"}],"predecessor-version":[{"id":10785,"href":"https:\/\/zoomproducciones.com.ar\/zoomp\/wp-json\/wp\/v2\/posts\/10783\/revisions\/10785"}],"wp:attachment":[{"href":"https:\/\/zoomproducciones.com.ar\/zoomp\/wp-json\/wp\/v2\/media?parent=10783"}],"wp:term":[{"taxonomy":"category","embeddable":true,"href":"https:\/\/zoomproducciones.com.ar\/zoomp\/wp-json\/wp\/v2\/categories?post=10783"},{"taxonomy":"post_tag","embeddable":true,"href":"https:\/\/zoomproducciones.com.ar\/zoomp\/wp-json\/wp\/v2\/tags?post=10783"}],"curies":[{"name":"wp","href":"https:\/\/api.w.org\/{rel}","templated":true}]}}