{"id":10745,"date":"2023-10-17T11:14:11","date_gmt":"2023-10-17T14:14:11","guid":{"rendered":"http:\/\/zoomproducciones.com.ar\/zoomp\/?p=10745"},"modified":"2023-10-17T11:14:12","modified_gmt":"2023-10-17T14:14:12","slug":"corrientes-encontraron-restos-de-un-bebe-de-8-meses-en-un-basural","status":"publish","type":"post","link":"https:\/\/zoomproducciones.com.ar\/zoomp\/corrientes-encontraron-restos-de-un-bebe-de-8-meses-en-un-basural\/","title":{"rendered":"Corrientes: encontraron restos de un beb\u00e9 de 8 meses en un basural"},"content":{"rendered":"\n<p>La Polic\u00eda de Corrientes inform\u00f3 este martes que encontraron restos de un beb\u00e9 de 8 meses en un basural de un barrio capitalino. Seg\u00fan las primeras averiguaciones, el hecho ocurri\u00f3 el d\u00eda de ayer en la planta donde se depositan los residuos, ubicada en la Ruta Provincial N\u00ba 5, en inmediaciones del barrio Cadenas.<\/p>\n\n\n\n<p>La situaci\u00f3n fue denunciada por empleados de la recolecci\u00f3n de residuos cuando estos divisaron un cuerpo dentro de una bolsa de pl\u00e1stico.<\/p>\n\n\n\n<p>\u00abHasta el momento el cuerpo de sexo masculino, fue trasladado a la morgue donde los m\u00e9dicos forenses har\u00e1n la autopsia que corresponde para saber los detalles\u00bb, informaron fuentes policiales.<\/p>\n\n\n\n<p>Fuente: El Litoral.<\/p>\n","protected":false},"excerpt":{"rendered":"<p>La Polic\u00eda de Corrientes inform\u00f3 este martes que encontraron restos de un beb\u00e9 de 8 meses en un basural de un barrio capitalino. Seg\u00fan las primeras averiguaciones, el hecho ocurri\u00f3 el d\u00eda de ayer en la planta donde se depositan los residuos, ubicada en la Ruta Provincial N\u00ba 5, en inmediaciones del barrio Cadenas. La [&hellip;]<\/p>\n","protected":false},"author":2,"featured_media":0,"comment_status":"closed","ping_status":"open","sticky":false,"template":"","format":"standard","meta":{"footnotes":""},"categories":[414],"tags":[511,125,122],"class_list":{"0":"post-10745","1":"post","2":"type-post","3":"status-publish","4":"format-standard","6":"category-policiales-2","7":"tag-bloque-2","8":"tag-corrientes","9":"tag-policiales"},"_links":{"self":[{"href":"https:\/\/zoomproducciones.com.ar\/zoomp\/wp-json\/wp\/v2\/posts\/10745","targetHints":{"allow":["GET"]}}],"collection":[{"href":"https:\/\/zoomproducciones.com.ar\/zoomp\/wp-json\/wp\/v2\/posts"}],"about":[{"href":"https:\/\/zoomproducciones.com.ar\/zoomp\/wp-json\/wp\/v2\/types\/post"}],"author":[{"embeddable":true,"href":"https:\/\/zoomproducciones.com.ar\/zoomp\/wp-json\/wp\/v2\/users\/2"}],"replies":[{"embeddable":true,"href":"https:\/\/zoomproducciones.com.ar\/zoomp\/wp-json\/wp\/v2\/comments?post=10745"}],"version-history":[{"count":1,"href":"https:\/\/zoomproducciones.com.ar\/zoomp\/wp-json\/wp\/v2\/posts\/10745\/revisions"}],"predecessor-version":[{"id":10747,"href":"https:\/\/zoomproducciones.com.ar\/zoomp\/wp-json\/wp\/v2\/posts\/10745\/revisions\/10747"}],"wp:attachment":[{"href":"https:\/\/zoomproducciones.com.ar\/zoomp\/wp-json\/wp\/v2\/media?parent=10745"}],"wp:term":[{"taxonomy":"category","embeddable":true,"href":"https:\/\/zoomproducciones.com.ar\/zoomp\/wp-json\/wp\/v2\/categories?post=10745"},{"taxonomy":"post_tag","embeddable":true,"href":"https:\/\/zoomproducciones.com.ar\/zoomp\/wp-json\/wp\/v2\/tags?post=10745"}],"curies":[{"name":"wp","href":"https:\/\/api.w.org\/{rel}","templated":true}]}}