{"id":10739,"date":"2023-10-17T11:03:14","date_gmt":"2023-10-17T14:03:14","guid":{"rendered":"http:\/\/zoomproducciones.com.ar\/zoomp\/?p=10739"},"modified":"2023-10-17T11:03:15","modified_gmt":"2023-10-17T14:03:15","slug":"el-rio-uruguay-sigue-creciendo-en-libres-supero-los-9-30-metros","status":"publish","type":"post","link":"https:\/\/zoomproducciones.com.ar\/zoomp\/el-rio-uruguay-sigue-creciendo-en-libres-supero-los-9-30-metros\/","title":{"rendered":"El r\u00edo Uruguay sigue creciendo en Libres: super\u00f3 los 9.30 metros"},"content":{"rendered":"\n<p>La p\u00e1gina oficial de Prefectura Naval Argentina informa que el r\u00edo Uruguay ya alcanz\u00f3 la altura de 9.31 metros en la costa de Paso de los Libres; superando ampliamente el n\u00famero indicado para la alerta de evacuaci\u00f3n (8.50 mts).<\/p>\n\n\n\n<p>Esta ma\u00f1ana, precisamente a las 09:00 AM, el r\u00edo midi\u00f3 9.31 metros tras crecer dos (2) cent\u00edmetros en tres horas; y 29 cent\u00edmetros en 24 horas. <\/p>\n\n\n\n<figure class=\"wp-block-image size-full\"><a href=\"http:\/\/zoomproducciones.com.ar\/zoomp\/wp-content\/uploads\/2023\/10\/image-95.png\"><img decoding=\"async\" src=\"http:\/\/zoomproducciones.com.ar\/zoomp\/wp-content\/uploads\/2023\/10\/image-95.png\" alt=\"\" class=\"wp-image-10740\"\/><\/a><\/figure>\n\n\n\n<figure class=\"wp-block-image size-full\"><a href=\"http:\/\/zoomproducciones.com.ar\/zoomp\/wp-content\/uploads\/2023\/10\/image-96.png\"><img decoding=\"async\" src=\"http:\/\/zoomproducciones.com.ar\/zoomp\/wp-content\/uploads\/2023\/10\/image-96.png\" alt=\"\" class=\"wp-image-10741\"\/><\/a><\/figure>\n\n\n\n<p>Se procedi\u00f3 al <strong>cierre total al tr\u00e1nsito peatonal y vehicular, tanto en la costanera de la ciudad como el Paso Tronc\u00f3n en la ruta provincial N\u00b0 155.<\/strong><\/p>\n\n\n\n<p>Se ruega a peatones y conductores respetar las indicaciones del personal municipal y&nbsp;<strong>evitar circular por zonas costeras<\/strong>&nbsp;debido a la posible presencia de alima\u00f1as y elementos que atenten contra la seguridad de las personas.<\/p>\n","protected":false},"excerpt":{"rendered":"<p>La p\u00e1gina oficial de Prefectura Naval Argentina informa que el r\u00edo Uruguay ya alcanz\u00f3 la altura de 9.31 metros en la costa de Paso de los Libres; superando ampliamente el n\u00famero indicado para la alerta de evacuaci\u00f3n (8.50 mts). Esta ma\u00f1ana, precisamente a las 09:00 AM, el r\u00edo midi\u00f3 9.31 metros tras crecer dos (2) [&hellip;]<\/p>\n","protected":false},"author":2,"featured_media":0,"comment_status":"closed","ping_status":"open","sticky":false,"template":"","format":"standard","meta":{"footnotes":""},"categories":[5],"tags":[511,116],"class_list":{"0":"post-10739","1":"post","2":"type-post","3":"status-publish","4":"format-standard","6":"category-locales","7":"tag-bloque-2","8":"tag-paso-de-los-libres"},"_links":{"self":[{"href":"https:\/\/zoomproducciones.com.ar\/zoomp\/wp-json\/wp\/v2\/posts\/10739","targetHints":{"allow":["GET"]}}],"collection":[{"href":"https:\/\/zoomproducciones.com.ar\/zoomp\/wp-json\/wp\/v2\/posts"}],"about":[{"href":"https:\/\/zoomproducciones.com.ar\/zoomp\/wp-json\/wp\/v2\/types\/post"}],"author":[{"embeddable":true,"href":"https:\/\/zoomproducciones.com.ar\/zoomp\/wp-json\/wp\/v2\/users\/2"}],"replies":[{"embeddable":true,"href":"https:\/\/zoomproducciones.com.ar\/zoomp\/wp-json\/wp\/v2\/comments?post=10739"}],"version-history":[{"count":1,"href":"https:\/\/zoomproducciones.com.ar\/zoomp\/wp-json\/wp\/v2\/posts\/10739\/revisions"}],"predecessor-version":[{"id":10743,"href":"https:\/\/zoomproducciones.com.ar\/zoomp\/wp-json\/wp\/v2\/posts\/10739\/revisions\/10743"}],"wp:attachment":[{"href":"https:\/\/zoomproducciones.com.ar\/zoomp\/wp-json\/wp\/v2\/media?parent=10739"}],"wp:term":[{"taxonomy":"category","embeddable":true,"href":"https:\/\/zoomproducciones.com.ar\/zoomp\/wp-json\/wp\/v2\/categories?post=10739"},{"taxonomy":"post_tag","embeddable":true,"href":"https:\/\/zoomproducciones.com.ar\/zoomp\/wp-json\/wp\/v2\/tags?post=10739"}],"curies":[{"name":"wp","href":"https:\/\/api.w.org\/{rel}","templated":true}]}}