{"id":10691,"date":"2023-10-14T15:19:07","date_gmt":"2023-10-14T18:19:07","guid":{"rendered":"http:\/\/zoomproducciones.com.ar\/zoomp\/?p=10691"},"modified":"2023-10-14T15:19:31","modified_gmt":"2023-10-14T18:19:31","slug":"zoomdebate-las-diferentes-opiniones-acerca-de-la-reforma-de-la-carta-organica","status":"publish","type":"post","link":"https:\/\/zoomproducciones.com.ar\/zoomp\/zoomdebate-las-diferentes-opiniones-acerca-de-la-reforma-de-la-carta-organica\/","title":{"rendered":"#ZoomDebate: Las diferentes opiniones acerca de la reforma de la Carta Org\u00e1nica"},"content":{"rendered":"\n<p>Luego de las presentaciones de cada candidato, Daniela Bojorque y Mat\u00edas Bouchet dieron pie a las tem\u00e1ticas o m\u00f3dulos, los cuales comenzaron con la problem\u00e1tica de la Carta Org\u00e1nica. <\/p>\n\n\n\n<p>Por sorteo, <strong>Pablo Vera<\/strong> fue el encargado de exponer sobre el tema y responder acerca de si considera necesaria, o no, una reforma de la misma: \u00bb<strong>Tenemos una carta organica que est\u00e1 vigente desde 1994, tiene 29 a\u00f1os<\/strong>\u00bb explic\u00f3. <\/p>\n\n\n\n<p>\u00bbSi es que se ve una necesidad de una reforma, esto tiene que ser planteado con suma seriedad&#8230; <strong>No pasa por una cuesti\u00f3n de reformar por reformar<\/strong>. Si se toma la decisi\u00f3n que sea por disposici\u00f3n de mayoria del concejo\u00bb.<\/p>\n\n\n\n<p>En respuesta a lo dicho por el representante de la Libertad Avanza, los dem\u00e1s candidatos expusieron sus opiniones:<\/p>\n\n\n\n<h2 class=\"wp-block-heading\">Sebasti\u00e1n Barrientos:<\/h2>\n\n\n\n<p>\u00abLo que nosotros tenemos planteado es que <strong>hay muchas situaciones que no est\u00e1n dentro de la carta Org\u00e1nica<\/strong>. Por ejemplo: la protecci\u00f3n a la familia y a la ni\u00f1ez; tambi\u00e9n tenemos la protecci\u00f3n de los recursos naturales y culturales que hay que implementar, debido a que nuestra Constituci\u00f3n Provincial se modific\u00f3 en el 2007 y hay cosas que en la Carta Org\u00e1nica quedaron obsoletas&#8217;. Tambi\u00e9n tenemos el recurso de los consumidores y usuarios de servicios p\u00fablicos\u00bb.<\/p>\n\n\n\n<h2 class=\"wp-block-heading\">Miguel Arias<\/h2>\n\n\n\n<p>\u00bbYo creo que el tiempo que ha pasado es mucho y hoy se viven otras realidades. La realidad de nuestro presente no es la del a\u00f1o 1994. Es necesaria la reforma de la carta\u00bb expres\u00f3 el candidato de UxP.<\/p>\n\n\n\n<p>\u00bb<strong>Esta carta adolece de muchos defectos y carece de muchos temas.<\/strong> Ah\u00ed es donde nosotros tenemos que poner la atenci\u00f3n porque esos temas van a hacer una diferencia, <strong>van a hacer que tengamos una mejor calidad institucional y democr\u00e1tica<\/strong> a partir de, por ejemplo, la auditoria de las cuentas p\u00fablicas.\u00bb<\/p>\n\n\n\n<p>\u00abTambi\u00e9n temas relacionados con la duraci\u00f3n del a\u00f1o de sesiones ordinarias: <strong>que comience en marzo como en la legislatura provincial y que termine a fin de a\u00f1o<\/strong>, el 10 de noviembre.<strong> Eso va a dar un mayor acompa\u00f1amiento del Concejo Deliberante<\/strong> a toda la comunidad\u00bb.<\/p>\n\n\n\n<p>\u00ab<strong>No debemos perder de vista el tema ambiental<\/strong>. Tenemos aqu\u00ed cerca al R\u00edo Uruguay que debemos proteger, que tenemos que tener presente\u00bb agreg\u00f3.<\/p>\n\n\n\n<p>\u00abNo debemos tener miedo de reformar la carta Org\u00e1nica porque <strong>los mecanimos estan perfectamente previstos\u00bb. <\/strong><\/p>\n\n\n\n<h2 class=\"wp-block-heading\">Tania Bonpland<\/h2>\n\n\n\n<p>\u00bbCoincido que la carta est\u00e1 desactualizada, que debe realizarse un estudio. Pero aqu\u00ed estamos frente a una problem\u00e1tica mucho m\u00e1s importante, <strong>nuestra carta que hoy est\u00e1 vigente no se cumple en muchos aspectos<\/strong>\u00bb puntualiz\u00f3 la candidata de ECO + Vamos Corrientes. <\/p>\n\n\n\n<p>\u00bb<strong>Hoy tenemos un gobierno municipal que no presenta los balances a tiempo, los presupuestos a tiempo, tenemos un parque automotor que desconocemos totalmente<\/strong>. Antes de pensar en una reforma, debemos pensar que la carta organica que se encuentra vigente no se cumple. Por eso coincido que debe realizarse un estudio serio y <strong>no solamente pedir la reforma por una conveniencia electoral<\/strong>\u00ab<\/p>\n\n\n\n<p>En respuesta a Miguel Arias y a Sebasti\u00e1n Barrientos, Bonpland expres\u00f3: \u00abE<strong>n el art\u00edculo 8 de la Carta Org\u00e1nica ya se encuentra establecido las politicas de medio ambiente y ecolog\u00eda<\/strong> como politicas especiales del municipio. Lo que yo inplementaria es hablar de las mujeres, generos y diversidad\u00bb<\/p>\n\n\n\n<p>\u00abNuestra carta organica se encuentra desactualizada pero no se debe pedir una reforma por conveniencia electoral\u00bb.<\/p>\n","protected":false},"excerpt":{"rendered":"<p>Luego de las presentaciones de cada candidato, Daniela Bojorque y Mat\u00edas Bouchet dieron pie a las tem\u00e1ticas o m\u00f3dulos, los cuales comenzaron con la problem\u00e1tica de la Carta Org\u00e1nica. Por sorteo, Pablo Vera fue el encargado de exponer sobre el tema y responder acerca de si considera necesaria, o no, una reforma de la misma: [&hellip;]<\/p>\n","protected":false},"author":2,"featured_media":0,"comment_status":"closed","ping_status":"open","sticky":false,"template":"","format":"standard","meta":{"footnotes":""},"categories":[5],"tags":[511,116],"class_list":{"0":"post-10691","1":"post","2":"type-post","3":"status-publish","4":"format-standard","6":"category-locales","7":"tag-bloque-2","8":"tag-paso-de-los-libres"},"_links":{"self":[{"href":"https:\/\/zoomproducciones.com.ar\/zoomp\/wp-json\/wp\/v2\/posts\/10691","targetHints":{"allow":["GET"]}}],"collection":[{"href":"https:\/\/zoomproducciones.com.ar\/zoomp\/wp-json\/wp\/v2\/posts"}],"about":[{"href":"https:\/\/zoomproducciones.com.ar\/zoomp\/wp-json\/wp\/v2\/types\/post"}],"author":[{"embeddable":true,"href":"https:\/\/zoomproducciones.com.ar\/zoomp\/wp-json\/wp\/v2\/users\/2"}],"replies":[{"embeddable":true,"href":"https:\/\/zoomproducciones.com.ar\/zoomp\/wp-json\/wp\/v2\/comments?post=10691"}],"version-history":[{"count":1,"href":"https:\/\/zoomproducciones.com.ar\/zoomp\/wp-json\/wp\/v2\/posts\/10691\/revisions"}],"predecessor-version":[{"id":10693,"href":"https:\/\/zoomproducciones.com.ar\/zoomp\/wp-json\/wp\/v2\/posts\/10691\/revisions\/10693"}],"wp:attachment":[{"href":"https:\/\/zoomproducciones.com.ar\/zoomp\/wp-json\/wp\/v2\/media?parent=10691"}],"wp:term":[{"taxonomy":"category","embeddable":true,"href":"https:\/\/zoomproducciones.com.ar\/zoomp\/wp-json\/wp\/v2\/categories?post=10691"},{"taxonomy":"post_tag","embeddable":true,"href":"https:\/\/zoomproducciones.com.ar\/zoomp\/wp-json\/wp\/v2\/tags?post=10691"}],"curies":[{"name":"wp","href":"https:\/\/api.w.org\/{rel}","templated":true}]}}