{"id":10652,"date":"2023-10-12T08:34:42","date_gmt":"2023-10-12T11:34:42","guid":{"rendered":"http:\/\/zoomproducciones.com.ar\/zoomp\/?p=10652"},"modified":"2023-10-12T08:34:42","modified_gmt":"2023-10-12T11:34:42","slug":"salio-el-primer-vuelo-de-israel-con-49-argentinos-evacuados","status":"publish","type":"post","link":"https:\/\/zoomproducciones.com.ar\/zoomp\/salio-el-primer-vuelo-de-israel-con-49-argentinos-evacuados\/","title":{"rendered":"Sali\u00f3 el primer vuelo de Israel con 49 argentinos evacuados"},"content":{"rendered":"\n<p>Un grupo de 49 argentinos evacuados de Israel ya tomaron el vuelo hacia la ciudad de Roma (Italia) para luego regresar a la Argentina. El operativo llevado a cabo se denomina \u00bbRegreso Seguro\u00bb y fue organizado en forma conjunta por la Canciller\u00eda, el Ministerio de Defensa y las Fuerzas Armadas.<\/p>\n\n\n\n<blockquote class=\"twitter-tweet\"><p lang=\"es\" dir=\"ltr\">COMENZ\u00d3 LA EVACUACI\u00d3N DE LOS ARGENTINOS QUE SE ENCUENTRAN EN ISRAEL &#x1f1e6;&#x1f1f7;<br><br>El primer grupo de argentinos y argentinas parti\u00f3 en el H\u00e9rcules desde el aeropuerto de Tel Aviv hacia Roma para luego regresar a nuestro pa\u00eds. <a href=\"https:\/\/t.co\/o9158CmKxg\">pic.twitter.com\/o9158CmKxg<\/a><\/p>&mdash; Canciller\u00eda Argentina &#x1f1e6;&#x1f1f7; (@CancilleriaARG) <a href=\"https:\/\/twitter.com\/CancilleriaARG\/status\/1712412177036976574?ref_src=twsrc%5Etfw\">October 12, 2023<\/a><\/blockquote> <script async src=\"https:\/\/platform.twitter.com\/widgets.js\" charset=\"utf-8\"><\/script>\n\n\n\n<p>Tras los ataques del grupo islamista palestino Hamas en territorio israel\u00ed,<strong> 49 de los 1.419 argentinos<\/strong>\u00a0registrados fueron evacuados este mi\u00e9rcoles y enviados a Italia. <\/p>\n\n\n\n<p>Una vez en la capital italiana,\u00a0<strong>los argentinos ser\u00e1n asistidos por la embajada en esa ciudad<\/strong>, hasta el momento de regresar al territorio nacional, trayecto que ser\u00e1 efectuado con aviones de Aerol\u00edneas Argentinas.<\/p>\n\n\n\n<blockquote class=\"twitter-tweet\"><p lang=\"es\" dir=\"ltr\">Lleg\u00f3 a Tel Aviv el &quot;H\u00e9rcules&quot; y en las pr\u00f3ximas horas despegar\u00e1 hacia Roma con los primeros argentinos y argentinas evacuados desde Israel.<br><br>All\u00ed ser\u00e1n asistidos por la Embajada <a href=\"https:\/\/twitter.com\/ARGinITALIA?ref_src=twsrc%5Etfw\">@ARGinITALIA<\/a> hasta el momento de regresar al pa\u00eds. <a href=\"https:\/\/t.co\/OyGTxNQAhB\">pic.twitter.com\/OyGTxNQAhB<\/a><\/p>&mdash; Santiago Cafiero (@SantiagoCafiero) <a href=\"https:\/\/twitter.com\/SantiagoCafiero\/status\/1712310781960728581?ref_src=twsrc%5Etfw\">October 12, 2023<\/a><\/blockquote> <script async src=\"https:\/\/platform.twitter.com\/widgets.js\" charset=\"utf-8\"><\/script>\n\n\n\n<p>\u00a0<strong>\u00abLa idea es generar tres puentes a\u00e9reos diarios, con 210 personas por d\u00eda<\/strong>, para lo cual solicitamos otra aeronave a la Fuerza A\u00e9rea Argentina\u00bb hab\u00eda expresado este mi\u00e9rcoles Cafiero.<\/p>\n","protected":false},"excerpt":{"rendered":"<p>Un grupo de 49 argentinos evacuados de Israel ya tomaron el vuelo hacia la ciudad de Roma (Italia) para luego regresar a la Argentina. El operativo llevado a cabo se denomina \u00bbRegreso Seguro\u00bb y fue organizado en forma conjunta por la Canciller\u00eda, el Ministerio de Defensa y las Fuerzas Armadas. COMENZ\u00d3 LA EVACUACI\u00d3N DE LOS [&hellip;]<\/p>\n","protected":false},"author":2,"featured_media":0,"comment_status":"closed","ping_status":"open","sticky":false,"template":"","format":"standard","meta":{"footnotes":""},"categories":[8],"tags":[118,511],"class_list":{"0":"post-10652","1":"post","2":"type-post","3":"status-publish","4":"format-standard","6":"category-nacionales","7":"tag-argentina","8":"tag-bloque-2"},"_links":{"self":[{"href":"https:\/\/zoomproducciones.com.ar\/zoomp\/wp-json\/wp\/v2\/posts\/10652","targetHints":{"allow":["GET"]}}],"collection":[{"href":"https:\/\/zoomproducciones.com.ar\/zoomp\/wp-json\/wp\/v2\/posts"}],"about":[{"href":"https:\/\/zoomproducciones.com.ar\/zoomp\/wp-json\/wp\/v2\/types\/post"}],"author":[{"embeddable":true,"href":"https:\/\/zoomproducciones.com.ar\/zoomp\/wp-json\/wp\/v2\/users\/2"}],"replies":[{"embeddable":true,"href":"https:\/\/zoomproducciones.com.ar\/zoomp\/wp-json\/wp\/v2\/comments?post=10652"}],"version-history":[{"count":1,"href":"https:\/\/zoomproducciones.com.ar\/zoomp\/wp-json\/wp\/v2\/posts\/10652\/revisions"}],"predecessor-version":[{"id":10654,"href":"https:\/\/zoomproducciones.com.ar\/zoomp\/wp-json\/wp\/v2\/posts\/10652\/revisions\/10654"}],"wp:attachment":[{"href":"https:\/\/zoomproducciones.com.ar\/zoomp\/wp-json\/wp\/v2\/media?parent=10652"}],"wp:term":[{"taxonomy":"category","embeddable":true,"href":"https:\/\/zoomproducciones.com.ar\/zoomp\/wp-json\/wp\/v2\/categories?post=10652"},{"taxonomy":"post_tag","embeddable":true,"href":"https:\/\/zoomproducciones.com.ar\/zoomp\/wp-json\/wp\/v2\/tags?post=10652"}],"curies":[{"name":"wp","href":"https:\/\/api.w.org\/{rel}","templated":true}]}}