{"id":10648,"date":"2023-10-12T08:13:57","date_gmt":"2023-10-12T11:13:57","guid":{"rendered":"http:\/\/zoomproducciones.com.ar\/zoomp\/?p=10648"},"modified":"2023-10-12T08:13:58","modified_gmt":"2023-10-12T11:13:58","slug":"el-rio-uruguay-mide-8-37-metros-en-la-costa-de-paso-de-los-libres","status":"publish","type":"post","link":"https:\/\/zoomproducciones.com.ar\/zoomp\/el-rio-uruguay-mide-8-37-metros-en-la-costa-de-paso-de-los-libres\/","title":{"rendered":"El r\u00edo Uruguay mide 8.37 metros en la costa de Paso de los Libres"},"content":{"rendered":"\n<p>El r\u00edo Uruguay sigue avanzando en la costa libre\u00f1a y alcanz\u00f3 los 8.37 metros. Seg\u00fan el informe de Prefectura Naval Argentina, el r\u00edo creci\u00f3 12 cent\u00edmetros en 12 horas. En Santo Tom\u00e9, la crecida ha provocado evacuados y preocupa que siga tomando altura. <\/p>\n\n\n\n<p>En la tarde de este mi\u00e9rcoles, el informe advirti\u00f3 que el r\u00edo med\u00eda 8.25 metros, por lo que creci\u00f3 doce cent\u00edmetros hasta la ma\u00f1ana de este jueves. <\/p>\n\n\n<div class=\"wp-block-image\">\n<figure class=\"aligncenter size-full\"><a href=\"http:\/\/zoomproducciones.com.ar\/zoomp\/wp-content\/uploads\/2023\/10\/image-68.png\"><img decoding=\"async\" src=\"http:\/\/zoomproducciones.com.ar\/zoomp\/wp-content\/uploads\/2023\/10\/image-68.png\" alt=\"\" class=\"wp-image-10626\"\/><\/a><figcaption class=\"wp-element-caption\">Im\u00e1gen tomada a las 18:00 horas del mi\u00e9rcoles 11 de octubre.<\/figcaption><\/figure>\n<\/div>\n\n\n<p>Libres est\u00e1 a 13 cent\u00edmetros de ingresar a lo que se denomina la Etapa de Evacuaci\u00f3n.<\/p>\n\n\n\n<h2 class=\"wp-block-heading\">Santo Tom\u00e9<\/h2>\n\n\n\n<p>Otra de las localidades que est\u00e1 atravesando una crecida del r\u00edo Uruguay es Santo Tom\u00e9. En la costa, el r\u00edo mide 13.22 metros y oblig\u00f3 a unas 30 familias (al rededor de 100 personas) a abandonar sus casas.<\/p>\n\n\n\n<figure class=\"wp-block-image size-large\"><a href=\"http:\/\/zoomproducciones.com.ar\/zoomp\/wp-content\/uploads\/2023\/10\/image-75.png\"><img decoding=\"async\" src=\"http:\/\/zoomproducciones.com.ar\/zoomp\/wp-content\/uploads\/2023\/10\/image-75-1024x683.png\" alt=\"\" class=\"wp-image-10649\"\/><\/a><\/figure>\n","protected":false},"excerpt":{"rendered":"<p>El r\u00edo Uruguay sigue avanzando en la costa libre\u00f1a y alcanz\u00f3 los 8.37 metros. Seg\u00fan el informe de Prefectura Naval Argentina, el r\u00edo creci\u00f3 12 cent\u00edmetros en 12 horas. En Santo Tom\u00e9, la crecida ha provocado evacuados y preocupa que siga tomando altura. En la tarde de este mi\u00e9rcoles, el informe advirti\u00f3 que el r\u00edo [&hellip;]<\/p>\n","protected":false},"author":2,"featured_media":0,"comment_status":"closed","ping_status":"open","sticky":false,"template":"","format":"standard","meta":{"footnotes":""},"categories":[5],"tags":[511,116],"class_list":{"0":"post-10648","1":"post","2":"type-post","3":"status-publish","4":"format-standard","6":"category-locales","7":"tag-bloque-2","8":"tag-paso-de-los-libres"},"_links":{"self":[{"href":"https:\/\/zoomproducciones.com.ar\/zoomp\/wp-json\/wp\/v2\/posts\/10648","targetHints":{"allow":["GET"]}}],"collection":[{"href":"https:\/\/zoomproducciones.com.ar\/zoomp\/wp-json\/wp\/v2\/posts"}],"about":[{"href":"https:\/\/zoomproducciones.com.ar\/zoomp\/wp-json\/wp\/v2\/types\/post"}],"author":[{"embeddable":true,"href":"https:\/\/zoomproducciones.com.ar\/zoomp\/wp-json\/wp\/v2\/users\/2"}],"replies":[{"embeddable":true,"href":"https:\/\/zoomproducciones.com.ar\/zoomp\/wp-json\/wp\/v2\/comments?post=10648"}],"version-history":[{"count":1,"href":"https:\/\/zoomproducciones.com.ar\/zoomp\/wp-json\/wp\/v2\/posts\/10648\/revisions"}],"predecessor-version":[{"id":10651,"href":"https:\/\/zoomproducciones.com.ar\/zoomp\/wp-json\/wp\/v2\/posts\/10648\/revisions\/10651"}],"wp:attachment":[{"href":"https:\/\/zoomproducciones.com.ar\/zoomp\/wp-json\/wp\/v2\/media?parent=10648"}],"wp:term":[{"taxonomy":"category","embeddable":true,"href":"https:\/\/zoomproducciones.com.ar\/zoomp\/wp-json\/wp\/v2\/categories?post=10648"},{"taxonomy":"post_tag","embeddable":true,"href":"https:\/\/zoomproducciones.com.ar\/zoomp\/wp-json\/wp\/v2\/tags?post=10648"}],"curies":[{"name":"wp","href":"https:\/\/api.w.org\/{rel}","templated":true}]}}