{"id":10620,"date":"2023-10-11T18:16:52","date_gmt":"2023-10-11T21:16:52","guid":{"rendered":"http:\/\/zoomproducciones.com.ar\/zoomp\/?p=10620"},"modified":"2023-10-11T18:16:52","modified_gmt":"2023-10-11T21:16:52","slug":"fernandez-denuncio-a-milei-y-a-marra-por-intimidacion-publica","status":"publish","type":"post","link":"https:\/\/zoomproducciones.com.ar\/zoomp\/fernandez-denuncio-a-milei-y-a-marra-por-intimidacion-publica\/","title":{"rendered":"Fern\u00e1ndez denunci\u00f3 a Milei y a Marra por \u00bbintimidaci\u00f3n p\u00fablica\u00bb"},"content":{"rendered":"\n<p>El presidente Alberto Fern\u00e1ndez denunci\u00f3 este mi\u00e9rcoles por\u00a0<strong>\u00abintimidaci\u00f3n p\u00fablica\u00bb<\/strong>\u00a0al candidato presidencial de La Libertad Avanza (LLA),<strong>\u00a0Javier Milei<\/strong>, por considerar que su \u00bbpersistente desacreditaci\u00f3n\u00bb de la moneda nacional caus\u00f3 \u00abtemor\u00bb en la ciudadan\u00eda y favoreci\u00f3 el desarrollo de una \u00abcorrida\u00bb bancaria.<\/p>\n\n\n\n<p>Adem\u00e1s,\u00a0<strong>el Presidente denunci\u00f3 al legislador y candidato a jefe de Gobierno porte\u00f1o, Ramiro Marra<\/strong>, por recomendar a la ciudadan\u00eda a no ahorrar en pesos.<\/p>\n\n\n\n<p>\u00abComo consecuencia directa e inexorable de ese grupo de manifestaciones p\u00fablicas y masivas, y del temor consecuente, el valor de dicha moneda extranjera para el mercado paralelo ascendi\u00f3 estrepitosamente y en menos de un d\u00eda, desde los ochocientos setenta ($ 870) hasta los mil diez pesos ($ 1.010)\u00bb, dice el texto presentado por Fern\u00e1ndez.<\/p>\n\n\n\n<h2 class=\"wp-block-heading\">Qu\u00e9 dijeron Milei y Marra<\/h2>\n\n\n\n<p>El aspirante libertario a gobernar la Argentina recomend\u00f3, en una entrevista, no ahorrar en la moneda nacional: \u00abJam\u00e1s en pesos, jam\u00e1s en pesos. El peso es la moneda que emite el pol\u00edtico argentino, por ende&nbsp;<strong>no puede valer ni excremento porque esas basuras no sirven ni para abono\u00bb.<\/strong><\/p>\n\n\n\n<p>Tambi\u00e9n el martes, en una jornada marcada por el pulso del d\u00f3lar paralelo, Marra public\u00f3 en su cuenta de la plataforma X (antes Twitter):<strong>\u00a0\u00abHoy m\u00e1s que nunca: no ahorres en pesos. Cuida tu dinero, te cost\u00f3 mucho ganarlo\u00bb.<\/strong><\/p>\n\n\n\n<p>La denuncia del Presidente, que recay\u00f3 en el juzgado federal de Mar\u00eda Servini, est\u00e1 apoyada en el art\u00edculo 211 del C\u00f3digo Penal, que define el delito de intimidaci\u00f3n p\u00fablica como<strong>\u00a0\u00abdar voces de alarma, hacer se\u00f1ales o utilizar otros medios materiales para infundir temor p\u00fablico o suscitar tumultos o des\u00f3rdenes\u00bb, con penas que van de los 2 a los 6 a\u00f1os de prisi\u00f3n.<\/strong><\/p>\n\n\n\n<p>T\u00e9lam.<\/p>\n","protected":false},"excerpt":{"rendered":"<p>El presidente Alberto Fern\u00e1ndez denunci\u00f3 este mi\u00e9rcoles por\u00a0\u00abintimidaci\u00f3n p\u00fablica\u00bb\u00a0al candidato presidencial de La Libertad Avanza (LLA),\u00a0Javier Milei, por considerar que su \u00bbpersistente desacreditaci\u00f3n\u00bb de la moneda nacional caus\u00f3 \u00abtemor\u00bb en la ciudadan\u00eda y favoreci\u00f3 el desarrollo de una \u00abcorrida\u00bb bancaria. Adem\u00e1s,\u00a0el Presidente denunci\u00f3 al legislador y candidato a jefe de Gobierno porte\u00f1o, Ramiro Marra, por [&hellip;]<\/p>\n","protected":false},"author":2,"featured_media":0,"comment_status":"closed","ping_status":"open","sticky":false,"template":"","format":"standard","meta":{"footnotes":""},"categories":[8],"tags":[42,116],"class_list":{"0":"post-10620","1":"post","2":"type-post","3":"status-publish","4":"format-standard","6":"category-nacionales","7":"tag-featured","8":"tag-paso-de-los-libres"},"_links":{"self":[{"href":"https:\/\/zoomproducciones.com.ar\/zoomp\/wp-json\/wp\/v2\/posts\/10620","targetHints":{"allow":["GET"]}}],"collection":[{"href":"https:\/\/zoomproducciones.com.ar\/zoomp\/wp-json\/wp\/v2\/posts"}],"about":[{"href":"https:\/\/zoomproducciones.com.ar\/zoomp\/wp-json\/wp\/v2\/types\/post"}],"author":[{"embeddable":true,"href":"https:\/\/zoomproducciones.com.ar\/zoomp\/wp-json\/wp\/v2\/users\/2"}],"replies":[{"embeddable":true,"href":"https:\/\/zoomproducciones.com.ar\/zoomp\/wp-json\/wp\/v2\/comments?post=10620"}],"version-history":[{"count":1,"href":"https:\/\/zoomproducciones.com.ar\/zoomp\/wp-json\/wp\/v2\/posts\/10620\/revisions"}],"predecessor-version":[{"id":10622,"href":"https:\/\/zoomproducciones.com.ar\/zoomp\/wp-json\/wp\/v2\/posts\/10620\/revisions\/10622"}],"wp:attachment":[{"href":"https:\/\/zoomproducciones.com.ar\/zoomp\/wp-json\/wp\/v2\/media?parent=10620"}],"wp:term":[{"taxonomy":"category","embeddable":true,"href":"https:\/\/zoomproducciones.com.ar\/zoomp\/wp-json\/wp\/v2\/categories?post=10620"},{"taxonomy":"post_tag","embeddable":true,"href":"https:\/\/zoomproducciones.com.ar\/zoomp\/wp-json\/wp\/v2\/tags?post=10620"}],"curies":[{"name":"wp","href":"https:\/\/api.w.org\/{rel}","templated":true}]}}