{"id":10602,"date":"2023-10-11T15:53:54","date_gmt":"2023-10-11T18:53:54","guid":{"rendered":"http:\/\/zoomproducciones.com.ar\/zoomp\/?p=10602"},"modified":"2023-10-11T16:02:37","modified_gmt":"2023-10-11T19:02:37","slug":"inauguraron-nueva-sede-de-vamos-corrientes","status":"publish","type":"post","link":"https:\/\/zoomproducciones.com.ar\/zoomp\/inauguraron-nueva-sede-de-vamos-corrientes\/","title":{"rendered":"Inauguraron nueva sede de Vamos Corrientes"},"content":{"rendered":"\n<p>Junto a sus concejales en funci\u00f3n y a los candidatos que competir\u00e1n el domingo 22 de octubre, Agustin Faraldo inaugur\u00f3 la segunda casa de Vamos Corrientes en Paso de los Libres, sede ubicada en Calle Col\u00f3n 1035. <\/p>\n\n\n\n<p>De esta manera, el mencionado espacio pol\u00edtico se convirti\u00f3 en el de mayor alcance territorial en la ciudad.<\/p>\n\n\n\n<p>En acto cont\u00f3 con la presencia de presidentes y dirigentes de los partidos aliados y p\u00fablico en general que se dieron cita en el lugar.<\/p>\n\n\n\n<p>Faraldo, junto a su ampliado equipo de campa\u00f1a tiene la mira fija hacia la intendencia 2025, por eso despleg\u00f3 un cronograma de acciones m\u00e1s all\u00e1 de las pr\u00f3ximas elecciones que incluyen la capacitaci\u00f3n de los integrantes y la incorporaci\u00f3n de profesionales para el relevamiento de datos y elaboraci\u00f3n de proyectos que abarcar\u00e1n las \u00e1reas con m\u00e1s demanda por parte de los vecinos.<\/p>\n\n\n\n<p><\/p>\n\n\n\n<p style=\"font-size:22px\"><strong>Im\u00e1genes<\/strong> <strong>de la inauguraci\u00f3n<\/strong><\/p>\n\n\n<div class=\"wp-block-image\">\n<figure class=\"aligncenter size-large is-resized\"><a href=\"http:\/\/zoomproducciones.com.ar\/zoomp\/wp-content\/uploads\/2023\/10\/IMG-20231011-WA0019.jpg\"><img loading=\"lazy\" decoding=\"async\" src=\"http:\/\/zoomproducciones.com.ar\/zoomp\/wp-content\/uploads\/2023\/10\/IMG-20231011-WA0019-1024x721.jpg\" alt=\"\" class=\"wp-image-10608\" style=\"width:683px;height:479px\" width=\"683\" height=\"479\"\/><\/a><\/figure>\n<\/div>\n\n\n<p><\/p>\n\n\n<div class=\"wp-block-image\">\n<figure class=\"aligncenter size-large is-resized\"><a href=\"http:\/\/zoomproducciones.com.ar\/zoomp\/wp-content\/uploads\/2023\/10\/IMG-20231011-WA0017.jpg\"><img loading=\"lazy\" decoding=\"async\" src=\"http:\/\/zoomproducciones.com.ar\/zoomp\/wp-content\/uploads\/2023\/10\/IMG-20231011-WA0017-1024x1024.jpg\" alt=\"\" class=\"wp-image-10609\" style=\"width:680px;height:680px\" width=\"680\" height=\"680\"\/><\/a><\/figure>\n<\/div>\n\n<div class=\"wp-block-image\">\n<figure class=\"aligncenter size-large is-resized\"><a href=\"http:\/\/zoomproducciones.com.ar\/zoomp\/wp-content\/uploads\/2023\/10\/IMG-20231011-WA0018.jpg\"><img loading=\"lazy\" decoding=\"async\" src=\"http:\/\/zoomproducciones.com.ar\/zoomp\/wp-content\/uploads\/2023\/10\/IMG-20231011-WA0018-1024x683.jpg\" alt=\"\" class=\"wp-image-10611\" style=\"width:682px;height:455px\" width=\"682\" height=\"455\"\/><\/a><\/figure>\n<\/div>\n\n<div class=\"wp-block-image\">\n<figure class=\"aligncenter size-large is-resized\"><a href=\"http:\/\/zoomproducciones.com.ar\/zoomp\/wp-content\/uploads\/2023\/10\/IMG-20231011-WA0016.jpg\"><img loading=\"lazy\" decoding=\"async\" src=\"http:\/\/zoomproducciones.com.ar\/zoomp\/wp-content\/uploads\/2023\/10\/IMG-20231011-WA0016-1024x683.jpg\" alt=\"\" class=\"wp-image-10612\" style=\"width:686px;height:458px\" width=\"686\" height=\"458\"\/><\/a><\/figure>\n<\/div>\n\n<div class=\"wp-block-image\">\n<figure class=\"aligncenter size-large is-resized\"><a href=\"http:\/\/zoomproducciones.com.ar\/zoomp\/wp-content\/uploads\/2023\/10\/IMG-20231011-WA0014.jpg\"><img loading=\"lazy\" decoding=\"async\" src=\"http:\/\/zoomproducciones.com.ar\/zoomp\/wp-content\/uploads\/2023\/10\/IMG-20231011-WA0014-1024x683.jpg\" alt=\"\" class=\"wp-image-10613\" style=\"width:683px;height:451px\" width=\"683\" height=\"451\"\/><\/a><\/figure>\n<\/div>\n\n<div class=\"wp-block-image\">\n<figure class=\"aligncenter size-large is-resized\"><a href=\"http:\/\/zoomproducciones.com.ar\/zoomp\/wp-content\/uploads\/2023\/10\/IMG-20231011-WA0012.jpg\"><img loading=\"lazy\" decoding=\"async\" src=\"http:\/\/zoomproducciones.com.ar\/zoomp\/wp-content\/uploads\/2023\/10\/IMG-20231011-WA0012-1024x683.jpg\" alt=\"\" class=\"wp-image-10614\" style=\"width:682px;height:455px\" width=\"682\" height=\"455\"\/><\/a><\/figure>\n<\/div>","protected":false},"excerpt":{"rendered":"<p>Junto a sus concejales en funci\u00f3n y a los candidatos que competir\u00e1n el domingo 22 de octubre, Agustin Faraldo inaugur\u00f3 la segunda casa de Vamos Corrientes en Paso de los Libres, sede ubicada en Calle Col\u00f3n 1035. De esta manera, el mencionado espacio pol\u00edtico se convirti\u00f3 en el de mayor alcance territorial en la ciudad. [&hellip;]<\/p>\n","protected":false},"author":2,"featured_media":0,"comment_status":"closed","ping_status":"open","sticky":false,"template":"","format":"standard","meta":{"footnotes":""},"categories":[5],"tags":[42],"class_list":{"0":"post-10602","1":"post","2":"type-post","3":"status-publish","4":"format-standard","6":"category-locales","7":"tag-featured"},"_links":{"self":[{"href":"https:\/\/zoomproducciones.com.ar\/zoomp\/wp-json\/wp\/v2\/posts\/10602","targetHints":{"allow":["GET"]}}],"collection":[{"href":"https:\/\/zoomproducciones.com.ar\/zoomp\/wp-json\/wp\/v2\/posts"}],"about":[{"href":"https:\/\/zoomproducciones.com.ar\/zoomp\/wp-json\/wp\/v2\/types\/post"}],"author":[{"embeddable":true,"href":"https:\/\/zoomproducciones.com.ar\/zoomp\/wp-json\/wp\/v2\/users\/2"}],"replies":[{"embeddable":true,"href":"https:\/\/zoomproducciones.com.ar\/zoomp\/wp-json\/wp\/v2\/comments?post=10602"}],"version-history":[{"count":5,"href":"https:\/\/zoomproducciones.com.ar\/zoomp\/wp-json\/wp\/v2\/posts\/10602\/revisions"}],"predecessor-version":[{"id":10617,"href":"https:\/\/zoomproducciones.com.ar\/zoomp\/wp-json\/wp\/v2\/posts\/10602\/revisions\/10617"}],"wp:attachment":[{"href":"https:\/\/zoomproducciones.com.ar\/zoomp\/wp-json\/wp\/v2\/media?parent=10602"}],"wp:term":[{"taxonomy":"category","embeddable":true,"href":"https:\/\/zoomproducciones.com.ar\/zoomp\/wp-json\/wp\/v2\/categories?post=10602"},{"taxonomy":"post_tag","embeddable":true,"href":"https:\/\/zoomproducciones.com.ar\/zoomp\/wp-json\/wp\/v2\/tags?post=10602"}],"curies":[{"name":"wp","href":"https:\/\/api.w.org\/{rel}","templated":true}]}}