{"id":10582,"date":"2023-10-10T09:17:18","date_gmt":"2023-10-10T12:17:18","guid":{"rendered":"http:\/\/zoomproducciones.com.ar\/zoomp\/?p=10582"},"modified":"2023-10-12T07:51:01","modified_gmt":"2023-10-12T10:51:01","slug":"suscribite-para-seguir-el-streaming-del-debate","status":"publish","type":"post","link":"https:\/\/zoomproducciones.com.ar\/zoomp\/suscribite-para-seguir-el-streaming-del-debate\/","title":{"rendered":"Debate de candidatos a concejales: Suscribite para seguir el streaming"},"content":{"rendered":"\n<p>Este&nbsp;viernes 13 de octubre&nbsp;se lleva adelante el&nbsp;segundo debate de candidatos a concejales organizado por Zoom Producciones, donde se pondr\u00e1n frente a frente los&nbsp;cuatro nombres cabezas de listas&nbsp;a ocupar un lugar de la banca del poder legislativo municipal. <\/p>\n\n\n\n<p>Este c\u00f3clave se dar\u00e1 lugar en el Concejo de Ciencias Econ\u00f3micas de Paso de los Libres y tendr\u00e1 como moderadores a los periodistas Mat\u00edas Bouchet y Daniela Bojorque. Los ejes tem\u00e1ticos, divididos en cuatro m\u00f3dulos, responden a los problemas que preocupan a la ciudadan\u00eda libre\u00f1a: ciudad, transporte y vivienda y h\u00e1bitat, a los que se sumar\u00e1 un tema libre elegido por cada candidato.  <\/p>\n\n\n\n<p>La transmisi\u00f3n, que comenzar\u00e1 a las 19hs con \u00abLa Alfombra Roja\u00bb a modo de previa (conducir\u00e1n Dami\u00e1n Froy y Mariel Pucheta) podr\u00e1 verse por el Canal de YouTube de Zoom Producciones, en vivo y en directo a trav\u00e9s de cualquier dispositivo conectado a internet y sus se\u00f1ales ser\u00e1n puestas a disposici\u00f3n de todos los&nbsp;medios (TV, radio y digitales) que deseen retransmitirlo.<\/p>\n\n\n\n<p>Para quedara visado del <em>streaming<\/em> hay que suscribirse al canal de Zoom Producciones (<a href=\"https:\/\/youtube.com\/@ZoomProduccionesLibres?si=LtzsAcH7Ji1uXOyC\">clic ac\u00e1<\/a>) y activar la suscripci\u00f3n (campanita)<\/p>\n\n\n\n<p><\/p>\n\n\n<div class=\"wp-block-image\">\n<figure class=\"aligncenter size-large is-resized\"><a href=\"https:\/\/youtube.com\/@ZoomProduccionesLibres?si=LtzsAcH7Ji1uXOyC\"><img loading=\"lazy\" decoding=\"async\" src=\"http:\/\/zoomproducciones.com.ar\/zoomp\/wp-content\/uploads\/2023\/10\/Screenshot_20231010-091323_YouTube-509x1024.jpg\" alt=\"\" class=\"wp-image-10588\" style=\"width:337px;height:677px\" width=\"337\" height=\"677\"\/><\/a><figcaption class=\"wp-element-caption\">Clic en im\u00e1genes para suscribirse. <\/figcaption><\/figure>\n<\/div>\n\n\n<h2 class=\"wp-block-heading\"><\/h2>\n\n\n\n<p><\/p>\n","protected":false},"excerpt":{"rendered":"<p>Este&nbsp;viernes 13 de octubre&nbsp;se lleva adelante el&nbsp;segundo debate de candidatos a concejales organizado por Zoom Producciones, donde se pondr\u00e1n frente a frente los&nbsp;cuatro nombres cabezas de listas&nbsp;a ocupar un lugar de la banca del poder legislativo municipal. Este c\u00f3clave se dar\u00e1 lugar en el Concejo de Ciencias Econ\u00f3micas de Paso de los Libres y tendr\u00e1 [&hellip;]<\/p>\n","protected":false},"author":2,"featured_media":0,"comment_status":"closed","ping_status":"open","sticky":false,"template":"","format":"standard","meta":{"footnotes":""},"categories":[258],"tags":[42,116],"class_list":{"0":"post-10582","1":"post","2":"type-post","3":"status-publish","4":"format-standard","6":"category-programacion","7":"tag-featured","8":"tag-paso-de-los-libres"},"_links":{"self":[{"href":"https:\/\/zoomproducciones.com.ar\/zoomp\/wp-json\/wp\/v2\/posts\/10582","targetHints":{"allow":["GET"]}}],"collection":[{"href":"https:\/\/zoomproducciones.com.ar\/zoomp\/wp-json\/wp\/v2\/posts"}],"about":[{"href":"https:\/\/zoomproducciones.com.ar\/zoomp\/wp-json\/wp\/v2\/types\/post"}],"author":[{"embeddable":true,"href":"https:\/\/zoomproducciones.com.ar\/zoomp\/wp-json\/wp\/v2\/users\/2"}],"replies":[{"embeddable":true,"href":"https:\/\/zoomproducciones.com.ar\/zoomp\/wp-json\/wp\/v2\/comments?post=10582"}],"version-history":[{"count":6,"href":"https:\/\/zoomproducciones.com.ar\/zoomp\/wp-json\/wp\/v2\/posts\/10582\/revisions"}],"predecessor-version":[{"id":10597,"href":"https:\/\/zoomproducciones.com.ar\/zoomp\/wp-json\/wp\/v2\/posts\/10582\/revisions\/10597"}],"wp:attachment":[{"href":"https:\/\/zoomproducciones.com.ar\/zoomp\/wp-json\/wp\/v2\/media?parent=10582"}],"wp:term":[{"taxonomy":"category","embeddable":true,"href":"https:\/\/zoomproducciones.com.ar\/zoomp\/wp-json\/wp\/v2\/categories?post=10582"},{"taxonomy":"post_tag","embeddable":true,"href":"https:\/\/zoomproducciones.com.ar\/zoomp\/wp-json\/wp\/v2\/tags?post=10582"}],"curies":[{"name":"wp","href":"https:\/\/api.w.org\/{rel}","templated":true}]}}