{"id":10577,"date":"2023-10-10T08:00:48","date_gmt":"2023-10-10T11:00:48","guid":{"rendered":"http:\/\/zoomproducciones.com.ar\/zoomp\/?p=10577"},"modified":"2023-10-10T08:00:48","modified_gmt":"2023-10-10T11:00:48","slug":"anses-puso-en-marcha-el-pago-del-refuerzo-de-47-mil-pesos","status":"publish","type":"post","link":"https:\/\/zoomproducciones.com.ar\/zoomp\/anses-puso-en-marcha-el-pago-del-refuerzo-de-47-mil-pesos\/","title":{"rendered":"Anses puso en marcha el pago del refuerzo de $47 mil pesos"},"content":{"rendered":"\n<p>La Anses comenz\u00f3 este lunes a abonar la<strong>\u00a0primera de las dos cuotas de 47 mil pesos correspondientes al refuerzo de ingresos<\/strong>\u00a0para trabajadores y trabajadoras informales. El pago se continuar\u00e1 haciendo hasta este jueves de acuerdo con el d\u00edgito final del DNI. <\/p>\n\n\n\n<p>Para las personas cuya solicitud para obtener el beneficio haya sido aprobada entre el 4 y 9 de octubre pasado inclusive, tendr\u00e1n depositada el 17 de octubre la primera de las dos cuotas.<\/p>\n\n\n\n<h2 class=\"wp-block-heading\">Qui\u00e9nes pueden cobrar el refuerzo<\/h2>\n\n\n\n<p>Los requisitos para solicitarlo son:&nbsp;<\/p>\n\n\n\n<ul class=\"wp-block-list\">\n<li>Tener entre 18 y 64 a\u00f1os<\/li>\n\n\n\n<li>No tener ninguna prestaci\u00f3n o asistencia del Estado ni trabajo formal<\/li>\n\n\n\n<li>No haber sido alcanzado con otras medidas anunciadas<\/li>\n\n\n\n<li>Tener Clave de la Seguridad Social<\/li>\n\n\n\n<li>Una cuenta bancaria (en caso de no tener, la persona tendr\u00e1 que ir al banco a tramitarla)<\/li>\n<\/ul>\n\n\n\n<h2 class=\"wp-block-heading\">Qui\u00e9nes no podr\u00e1n cobrar el \u00abnuevo IFE\u00bb<\/h2>\n\n\n\n<ul class=\"wp-block-list\">\n<li>Trabajo registrado (relaci\u00f3n de dependencia, aut\u00f3nomos, monotributo, monotributo social y casas particulares).<\/li>\n\n\n\n<li>Jubilaci\u00f3n o pensi\u00f3n.<\/li>\n\n\n\n<li>AUH, AUE, Asignaciones familiares o Progresar.<\/li>\n\n\n\n<li>Planes sociales (por ejemplo, Potenciar Trabajo).<\/li>\n\n\n\n<li>Prestaci\u00f3n por desempleo.&nbsp;<\/li>\n<\/ul>\n\n\n\n<p>La inscripci\u00f3n continuar\u00e1 abierta hasta el 31 de octubre, de 14 a 24hs, a trav\u00e9s de <a href=\"http:\/\/www.anses.gob.ar\">www.anses.gob.ar <\/a> o en la aplicaci\u00f3n \u00abmi Anses\u00bb.<\/p>\n","protected":false},"excerpt":{"rendered":"<p>La Anses comenz\u00f3 este lunes a abonar la\u00a0primera de las dos cuotas de 47 mil pesos correspondientes al refuerzo de ingresos\u00a0para trabajadores y trabajadoras informales. El pago se continuar\u00e1 haciendo hasta este jueves de acuerdo con el d\u00edgito final del DNI. Para las personas cuya solicitud para obtener el beneficio haya sido aprobada entre el [&hellip;]<\/p>\n","protected":false},"author":2,"featured_media":0,"comment_status":"closed","ping_status":"open","sticky":false,"template":"","format":"standard","meta":{"footnotes":""},"categories":[8],"tags":[118,511],"class_list":{"0":"post-10577","1":"post","2":"type-post","3":"status-publish","4":"format-standard","6":"category-nacionales","7":"tag-argentina","8":"tag-bloque-2"},"_links":{"self":[{"href":"https:\/\/zoomproducciones.com.ar\/zoomp\/wp-json\/wp\/v2\/posts\/10577","targetHints":{"allow":["GET"]}}],"collection":[{"href":"https:\/\/zoomproducciones.com.ar\/zoomp\/wp-json\/wp\/v2\/posts"}],"about":[{"href":"https:\/\/zoomproducciones.com.ar\/zoomp\/wp-json\/wp\/v2\/types\/post"}],"author":[{"embeddable":true,"href":"https:\/\/zoomproducciones.com.ar\/zoomp\/wp-json\/wp\/v2\/users\/2"}],"replies":[{"embeddable":true,"href":"https:\/\/zoomproducciones.com.ar\/zoomp\/wp-json\/wp\/v2\/comments?post=10577"}],"version-history":[{"count":1,"href":"https:\/\/zoomproducciones.com.ar\/zoomp\/wp-json\/wp\/v2\/posts\/10577\/revisions"}],"predecessor-version":[{"id":10579,"href":"https:\/\/zoomproducciones.com.ar\/zoomp\/wp-json\/wp\/v2\/posts\/10577\/revisions\/10579"}],"wp:attachment":[{"href":"https:\/\/zoomproducciones.com.ar\/zoomp\/wp-json\/wp\/v2\/media?parent=10577"}],"wp:term":[{"taxonomy":"category","embeddable":true,"href":"https:\/\/zoomproducciones.com.ar\/zoomp\/wp-json\/wp\/v2\/categories?post=10577"},{"taxonomy":"post_tag","embeddable":true,"href":"https:\/\/zoomproducciones.com.ar\/zoomp\/wp-json\/wp\/v2\/tags?post=10577"}],"curies":[{"name":"wp","href":"https:\/\/api.w.org\/{rel}","templated":true}]}}