{"id":10560,"date":"2023-10-10T07:27:33","date_gmt":"2023-10-10T10:27:33","guid":{"rendered":"http:\/\/zoomproducciones.com.ar\/zoomp\/?p=10560"},"modified":"2023-10-10T07:27:34","modified_gmt":"2023-10-10T10:27:34","slug":"el-rio-uruguay-alcanzo-los-7-76-metros-y-la-ciudad-se-encuentra-en-estado-de-alerta-crece","status":"publish","type":"post","link":"https:\/\/zoomproducciones.com.ar\/zoomp\/el-rio-uruguay-alcanzo-los-7-76-metros-y-la-ciudad-se-encuentra-en-estado-de-alerta-crece\/","title":{"rendered":"El r\u00edo Uruguay alcanz\u00f3 los 7.76 metros y la ciudad se encuentra en estado de Alerta Crece"},"content":{"rendered":"\n<p>Seg\u00fan la p\u00e1gina oficial de Prefectura Naval Argentina, el r\u00edo Uruguay avanz\u00f3 sobre la costa de Paso de los Libres llegando a la altura de 7.76 metros. Los datos fueron actualizados desde las 06:00 AM de este lunes 10 de octubre.<\/p>\n\n\n\n<figure class=\"wp-block-image size-full\"><a href=\"http:\/\/zoomproducciones.com.ar\/zoomp\/wp-content\/uploads\/2023\/10\/image-57.png\"><img decoding=\"async\" src=\"http:\/\/zoomproducciones.com.ar\/zoomp\/wp-content\/uploads\/2023\/10\/image-57.png\" alt=\"\" class=\"wp-image-10561\"\/><\/a><\/figure>\n\n\n\n<p>Con estos n\u00fameros, el puerto de Libres ingres\u00f3 a lo que se denomina Alerta Crece. El momento de evacuaci\u00f3n se inicia una vez que el r\u00edo haya alcanzado los 8.50 metros.<\/p>\n\n\n\n<p>Hace tres semanas, Paso de los Libres sal\u00eda de la Alerta Evacuaci\u00f3n tras una crecida que lleg\u00f3 a medir m\u00e1s de 9.20 metros en la costa. <\/p>\n\n\n\n<figure class=\"wp-block-image size-full\"><a href=\"http:\/\/zoomproducciones.com.ar\/zoomp\/wp-content\/uploads\/2023\/10\/image-59.png\"><img decoding=\"async\" src=\"http:\/\/zoomproducciones.com.ar\/zoomp\/wp-content\/uploads\/2023\/10\/image-59.png\" alt=\"\" class=\"wp-image-10563\"\/><\/a><\/figure>\n","protected":false},"excerpt":{"rendered":"<p>Seg\u00fan la p\u00e1gina oficial de Prefectura Naval Argentina, el r\u00edo Uruguay avanz\u00f3 sobre la costa de Paso de los Libres llegando a la altura de 7.76 metros. Los datos fueron actualizados desde las 06:00 AM de este lunes 10 de octubre. Con estos n\u00fameros, el puerto de Libres ingres\u00f3 a lo que se denomina Alerta [&hellip;]<\/p>\n","protected":false},"author":2,"featured_media":0,"comment_status":"closed","ping_status":"open","sticky":false,"template":"","format":"standard","meta":{"footnotes":""},"categories":[5],"tags":[42,116],"class_list":{"0":"post-10560","1":"post","2":"type-post","3":"status-publish","4":"format-standard","6":"category-locales","7":"tag-featured","8":"tag-paso-de-los-libres"},"_links":{"self":[{"href":"https:\/\/zoomproducciones.com.ar\/zoomp\/wp-json\/wp\/v2\/posts\/10560","targetHints":{"allow":["GET"]}}],"collection":[{"href":"https:\/\/zoomproducciones.com.ar\/zoomp\/wp-json\/wp\/v2\/posts"}],"about":[{"href":"https:\/\/zoomproducciones.com.ar\/zoomp\/wp-json\/wp\/v2\/types\/post"}],"author":[{"embeddable":true,"href":"https:\/\/zoomproducciones.com.ar\/zoomp\/wp-json\/wp\/v2\/users\/2"}],"replies":[{"embeddable":true,"href":"https:\/\/zoomproducciones.com.ar\/zoomp\/wp-json\/wp\/v2\/comments?post=10560"}],"version-history":[{"count":1,"href":"https:\/\/zoomproducciones.com.ar\/zoomp\/wp-json\/wp\/v2\/posts\/10560\/revisions"}],"predecessor-version":[{"id":10564,"href":"https:\/\/zoomproducciones.com.ar\/zoomp\/wp-json\/wp\/v2\/posts\/10560\/revisions\/10564"}],"wp:attachment":[{"href":"https:\/\/zoomproducciones.com.ar\/zoomp\/wp-json\/wp\/v2\/media?parent=10560"}],"wp:term":[{"taxonomy":"category","embeddable":true,"href":"https:\/\/zoomproducciones.com.ar\/zoomp\/wp-json\/wp\/v2\/categories?post=10560"},{"taxonomy":"post_tag","embeddable":true,"href":"https:\/\/zoomproducciones.com.ar\/zoomp\/wp-json\/wp\/v2\/tags?post=10560"}],"curies":[{"name":"wp","href":"https:\/\/api.w.org\/{rel}","templated":true}]}}