{"id":10540,"date":"2023-10-09T09:03:01","date_gmt":"2023-10-09T12:03:01","guid":{"rendered":"http:\/\/zoomproducciones.com.ar\/zoomp\/?p=10540"},"modified":"2023-10-09T09:03:02","modified_gmt":"2023-10-09T12:03:02","slug":"lo-que-dejo-el-segundo-debate-entre-los-candidatos-presidenciales","status":"publish","type":"post","link":"https:\/\/zoomproducciones.com.ar\/zoomp\/lo-que-dejo-el-segundo-debate-entre-los-candidatos-presidenciales\/","title":{"rendered":"Lo que dej\u00f3 el segundo debate entre los candidatos presidenciales"},"content":{"rendered":"\n<p>Este domingo se desarroll\u00f3 el\u00a0Segundo Debate Presidencial\u00a0a s\u00f3lo dos semanas de las\u00a0<strong>elecciones<\/strong>. El encuentro, se desarroll\u00f3 en la Facultad de Derecho de la\u00a0Universidad de Buenos Aires\u00a0(UBA), con a participaci\u00f3n de\u00a0Javier Milei,\u00a0Patricia Bullrich,\u00a0Sergio Massa, Juan Schiaretti y Myriam Bregman.<\/p>\n\n\n\n<p>Luego del primer encuentro el domingo pasado en Santiago del Estero,\u00a0los cinco postulantes nacionales buscaron sacarse ventaja de cara al 22 de octubre.<\/p>\n\n\n\n<p>Al igual que la semana pasada, ninguno consigui\u00f3 quedarse con el t\u00edtulo de \u00fanico ganador, y los cruces m\u00e1s picantes volvieron a estar repartidos entre\u00a0Milei, Bullrich y Massa.<\/p>\n\n\n\n<p>El libertario\u00a0busc\u00f3 no cometer errores, pero se refiri\u00f3 a los\u00a0temas de su agenda que m\u00e1s generan pol\u00e9mica.<\/p>\n\n\n\n<p>Bullrich, por su parte, endureci\u00f3 su postura en relaci\u00f3n al primer encuentro,\u00a0y busc\u00f3 ser m\u00e1s contundente con sus cr\u00edticas.\u00a0El ministro de Econom\u00eda, en tanto, tuvo que esquivar como pudo las cr\u00edticas que recibi\u00f3 por la inflaci\u00f3n y la macroeconom\u00eda.\u00a0En la presentaci\u00f3n,\u00a0todos menos Bregman condenaron el ataque terrorista de Ham\u00e1s en Israel.<\/p>\n\n\n\n<p><\/p>\n\n\n<div class=\"wp-block-image\">\n<figure class=\"aligncenter size-full is-resized\"><a href=\"http:\/\/zoomproducciones.com.ar\/zoomp\/wp-content\/uploads\/2023\/10\/564894.jpg\"><img loading=\"lazy\" decoding=\"async\" src=\"http:\/\/zoomproducciones.com.ar\/zoomp\/wp-content\/uploads\/2023\/10\/564894.jpg\" alt=\"\" class=\"wp-image-10541\" style=\"width:723px;height:390px\" width=\"723\" height=\"390\"\/><\/a><\/figure>\n<\/div>\n\n\n<p><\/p>\n\n\n\n<h2 class=\"wp-block-heading\">Cruces y chicanas<\/h2>\n\n\n\n<p>El primer tema fue la seguridad en el que\u00a0Bullrich advirti\u00f3 sobre la propuesta de Milei de libre portaci\u00f3n, a lo que luego \u00e9l afirm\u00f3: \u201cLamento que, de la misma manera que en el debate anterior, usted mienta sobre lo que yo digo. Antes lo hizo con la pandemia, ahora lo hace con el tema de armas\u201d.<\/p>\n\n\n\n<p>M\u00e1s adelante,\u00a0el ministro de Econom\u00eda\u00a0tambi\u00e9n le lanz\u00f3 una advertencia a Milei, en otro de los momentos m\u00e1s sobresalientes de la noche: \u00abHasta ac\u00e1 llegaste, Javier, dej\u00e1 de faltarle el respeto a las mujeres. Me parece que m\u00e1s all\u00e1 de que piensen distinto, tienen derecho a pensar distinto a vos\u00bb.<\/p>\n\n\n\n<p>Lo dijo luego de que el postulante liberal tuviera esta frase con Bregman en el bloque de Desarrollo Productivo: \u00abSi los socialistas supieran de econom\u00eda no ser\u00edan socialistas. Es tu caso Myriam\u00bb.<\/p>\n\n\n\n<p>\u00abMilei plantea un mercado de trabajo donde las mujeres no tienen posibilidad de desarrollo, donde los m\u00e1s j\u00f3venes tienen que ir al mercado precario del trabajo y los trabajadores pierden el derecho a sus vacaciones pagas y a la indemnizaci\u00f3n\u00bb, lanz\u00f3 Massa.<\/p>\n\n\n\n<p>A diferencia de Santiago de Estero,\u00a0las preguntas cruzadas no tuvieron el mismo peso en el desarrollo del debate.\u00a0Pasadas las 23, los moderadores del segundo bloque, Sergio Roulier y Soledad Larghi concluyeron el encuentro (el primer bloque fue moderado por Marcelo Bonelli y Mariana Ver\u00f3n).<\/p>\n\n\n\n<p>Otra novedad del segundo debate se dio una vez finalizada la trasmisi\u00f3n. Con excepci\u00f3n de Bregman, que solo salud\u00f3 a Schiarreti,\u00a0todos los candidatos se estrecharon la mano.\u00a0En menos de dos semanas, volver\u00e1n a cruzarse, pero en las urnas.<\/p>\n\n\n\n<p><\/p>\n\n\n\n<figure class=\"wp-block-embed is-type-video is-provider-youtube wp-block-embed-youtube wp-embed-aspect-16-9 wp-has-aspect-ratio\"><div class=\"wp-block-embed__wrapper\">\n<iframe loading=\"lazy\"  id=\"_ytid_87369\"  width=\"1000\" height=\"562\"  data-origwidth=\"1000\" data-origheight=\"562\" src=\"https:\/\/www.youtube.com\/embed\/iCkczJT3D9E?enablejsapi=1&#038;autoplay=0&#038;cc_load_policy=0&#038;cc_lang_pref=&#038;iv_load_policy=1&#038;loop=0&#038;rel=1&#038;fs=1&#038;playsinline=0&#038;autohide=2&#038;theme=dark&#038;color=red&#038;controls=1&#038;disablekb=0&#038;\" class=\"__youtube_prefs__  epyt-is-override  no-lazyload\" title=\"YouTube player\"  allow=\"fullscreen; accelerometer; autoplay; clipboard-write; encrypted-media; gyroscope; picture-in-picture; web-share\" referrerpolicy=\"strict-origin-when-cross-origin\" allowfullscreen data-no-lazy=\"1\" data-skipgform_ajax_framebjll=\"\"><\/iframe>\n<\/div><\/figure>\n","protected":false},"excerpt":{"rendered":"<p>Este domingo se desarroll\u00f3 el\u00a0Segundo Debate Presidencial\u00a0a s\u00f3lo dos semanas de las\u00a0elecciones. El encuentro, se desarroll\u00f3 en la Facultad de Derecho de la\u00a0Universidad de Buenos Aires\u00a0(UBA), con a participaci\u00f3n de\u00a0Javier Milei,\u00a0Patricia Bullrich,\u00a0Sergio Massa, Juan Schiaretti y Myriam Bregman. Luego del primer encuentro el domingo pasado en Santiago del Estero,\u00a0los cinco postulantes nacionales buscaron sacarse ventaja [&hellip;]<\/p>\n","protected":false},"author":2,"featured_media":0,"comment_status":"closed","ping_status":"open","sticky":false,"template":"","format":"standard","meta":{"footnotes":""},"categories":[8],"tags":[175,42],"class_list":{"0":"post-10540","1":"post","2":"type-post","3":"status-publish","4":"format-standard","6":"category-nacionales","7":"tag-elecciones-2023","8":"tag-featured"},"_links":{"self":[{"href":"https:\/\/zoomproducciones.com.ar\/zoomp\/wp-json\/wp\/v2\/posts\/10540","targetHints":{"allow":["GET"]}}],"collection":[{"href":"https:\/\/zoomproducciones.com.ar\/zoomp\/wp-json\/wp\/v2\/posts"}],"about":[{"href":"https:\/\/zoomproducciones.com.ar\/zoomp\/wp-json\/wp\/v2\/types\/post"}],"author":[{"embeddable":true,"href":"https:\/\/zoomproducciones.com.ar\/zoomp\/wp-json\/wp\/v2\/users\/2"}],"replies":[{"embeddable":true,"href":"https:\/\/zoomproducciones.com.ar\/zoomp\/wp-json\/wp\/v2\/comments?post=10540"}],"version-history":[{"count":2,"href":"https:\/\/zoomproducciones.com.ar\/zoomp\/wp-json\/wp\/v2\/posts\/10540\/revisions"}],"predecessor-version":[{"id":10545,"href":"https:\/\/zoomproducciones.com.ar\/zoomp\/wp-json\/wp\/v2\/posts\/10540\/revisions\/10545"}],"wp:attachment":[{"href":"https:\/\/zoomproducciones.com.ar\/zoomp\/wp-json\/wp\/v2\/media?parent=10540"}],"wp:term":[{"taxonomy":"category","embeddable":true,"href":"https:\/\/zoomproducciones.com.ar\/zoomp\/wp-json\/wp\/v2\/categories?post=10540"},{"taxonomy":"post_tag","embeddable":true,"href":"https:\/\/zoomproducciones.com.ar\/zoomp\/wp-json\/wp\/v2\/tags?post=10540"}],"curies":[{"name":"wp","href":"https:\/\/api.w.org\/{rel}","templated":true}]}}