{"id":10533,"date":"2023-10-09T08:34:12","date_gmt":"2023-10-09T11:34:12","guid":{"rendered":"http:\/\/zoomproducciones.com.ar\/zoomp\/?p=10533"},"modified":"2023-10-09T08:42:40","modified_gmt":"2023-10-09T11:42:40","slug":"gustavo-valdes-presente-en-el-debate-acompanando-a-patricia-bullrich","status":"publish","type":"post","link":"https:\/\/zoomproducciones.com.ar\/zoomp\/gustavo-valdes-presente-en-el-debate-acompanando-a-patricia-bullrich\/","title":{"rendered":"Gustavo Vald\u00e9s, presente en el debate acompa\u00f1ando a Patricia Bullrich"},"content":{"rendered":"\n<p>El gobernado de la provincia de Corrientes form\u00f3 parte de una foto junto a la candidata y su compa\u00f1ero de f\u00f3rmula, Luis Petri, y Mauricio Macri, entre otros, compartiendo luego dicha fotograf\u00eda en sus redes sociales. \u00ab\u00a1Vamos, @PatoBullrich! Con tu mesura y capacidad de gesti\u00f3n est\u00e1 claro que sos la \u00fanica opci\u00f3n viable para ordenar el pa\u00eds y transformarlo con el apoyo de un gran equipo responsable, con experiencia y territorialidad\u00bb describi\u00f3. <\/p>\n\n\n\n<p><\/p>\n\n\n\n<blockquote class=\"twitter-tweet\"><p lang=\"es\" dir=\"ltr\">\u00a1Vamos, <a href=\"https:\/\/twitter.com\/PatoBullrich?ref_src=twsrc%5Etfw\">@PatoBullrich<\/a>!<br><br>Con tu mesura y capacidad de gesti\u00f3n est\u00e1 claro que sos la \u00fanica opci\u00f3n viable para ordenar el pa\u00eds y transformarlo con el apoyo de un gran equipo responsable, con experiencia y territorialidad.<a href=\"https:\/\/twitter.com\/hashtag\/PatoPresidente?src=hash&amp;ref_src=twsrc%5Etfw\">#PatoPresidente<\/a> &#x1f1e6;&#x1f1f7; Es ahora. Es para siempre. <a href=\"https:\/\/t.co\/lXMlpr5qEM\">pic.twitter.com\/lXMlpr5qEM<\/a><\/p>&mdash; Gustavo Vald\u00e9s (@gustavovaldesok) <a href=\"https:\/\/twitter.com\/gustavovaldesok\/status\/1711168695236452742?ref_src=twsrc%5Etfw\">October 8, 2023<\/a><\/blockquote> <script async src=\"https:\/\/platform.twitter.com\/widgets.js\" charset=\"utf-8\"><\/script>\n\n\n\n<p><\/p>\n\n\n\n<p>En la antesala del debate, Vald\u00e9s brind\u00f3 declaraciones a la prensa apostada en el lugar. \u00abHay muchas expectativas para este segundo debate, ya que el anterior fue m\u00e1s bien de conocimiento y cada uno fue son su libreto. Vamos a ver c\u00f3mo se desarrolla este segundo cap\u00edtulo\u00bb, indic\u00f3 el Mandatario correntino a canal \u00abNorte Grande Federal\u00bb, de la vecina provincia del Chaco.<\/p>\n\n\n\n<p>\u00abHay que llevar un mensaje que debe ser claro para la Naci\u00f3n y que todo sea un gran aporte a la democracia\u00bb, indic\u00f3.<\/p>\n\n\n\n<p>Luego, ya de lleno en la campa\u00f1a, resalt\u00f3: \u00abSin dudas, Patricia Bullrich estar\u00e1 en el balotaje. Es la \u00fanica que puede derrotar a Milei en segunda vuelta\u00bb.<\/p>\n\n\n\n<p>Finalmente, consider\u00f3 que los triunfos de JXC en las provincias les generan un gran impulso a Bullrich y a la alianza.<\/p>\n","protected":false},"excerpt":{"rendered":"<p>El gobernado de la provincia de Corrientes form\u00f3 parte de una foto junto a la candidata y su compa\u00f1ero de f\u00f3rmula, Luis Petri, y Mauricio Macri, entre otros, compartiendo luego dicha fotograf\u00eda en sus redes sociales. \u00ab\u00a1Vamos, @PatoBullrich! Con tu mesura y capacidad de gesti\u00f3n est\u00e1 claro que sos la \u00fanica opci\u00f3n viable para ordenar [&hellip;]<\/p>\n","protected":false},"author":2,"featured_media":0,"comment_status":"closed","ping_status":"open","sticky":false,"template":"","format":"standard","meta":{"footnotes":""},"categories":[8,3],"tags":[42],"class_list":{"0":"post-10533","1":"post","2":"type-post","3":"status-publish","4":"format-standard","6":"category-nacionales","7":"category-provinciales","8":"tag-featured"},"_links":{"self":[{"href":"https:\/\/zoomproducciones.com.ar\/zoomp\/wp-json\/wp\/v2\/posts\/10533","targetHints":{"allow":["GET"]}}],"collection":[{"href":"https:\/\/zoomproducciones.com.ar\/zoomp\/wp-json\/wp\/v2\/posts"}],"about":[{"href":"https:\/\/zoomproducciones.com.ar\/zoomp\/wp-json\/wp\/v2\/types\/post"}],"author":[{"embeddable":true,"href":"https:\/\/zoomproducciones.com.ar\/zoomp\/wp-json\/wp\/v2\/users\/2"}],"replies":[{"embeddable":true,"href":"https:\/\/zoomproducciones.com.ar\/zoomp\/wp-json\/wp\/v2\/comments?post=10533"}],"version-history":[{"count":2,"href":"https:\/\/zoomproducciones.com.ar\/zoomp\/wp-json\/wp\/v2\/posts\/10533\/revisions"}],"predecessor-version":[{"id":10537,"href":"https:\/\/zoomproducciones.com.ar\/zoomp\/wp-json\/wp\/v2\/posts\/10533\/revisions\/10537"}],"wp:attachment":[{"href":"https:\/\/zoomproducciones.com.ar\/zoomp\/wp-json\/wp\/v2\/media?parent=10533"}],"wp:term":[{"taxonomy":"category","embeddable":true,"href":"https:\/\/zoomproducciones.com.ar\/zoomp\/wp-json\/wp\/v2\/categories?post=10533"},{"taxonomy":"post_tag","embeddable":true,"href":"https:\/\/zoomproducciones.com.ar\/zoomp\/wp-json\/wp\/v2\/tags?post=10533"}],"curies":[{"name":"wp","href":"https:\/\/api.w.org\/{rel}","templated":true}]}}