{"id":10529,"date":"2023-10-09T08:27:48","date_gmt":"2023-10-09T11:27:48","guid":{"rendered":"http:\/\/zoomproducciones.com.ar\/zoomp\/?p=10529"},"modified":"2023-10-09T08:29:28","modified_gmt":"2023-10-09T11:29:28","slug":"messi-ya-esta-en-la-argentina-para-sumarse-a-la-seleccion","status":"publish","type":"post","link":"https:\/\/zoomproducciones.com.ar\/zoomp\/messi-ya-esta-en-la-argentina-para-sumarse-a-la-seleccion\/","title":{"rendered":"Messi ya est\u00e1 en la Argentina para sumarse a la Selecci\u00f3n"},"content":{"rendered":"\n<p>Lionel Messi\u00a0lleg\u00f3 este lunes por la ma\u00f1ana a la\u00a0Argentina\u00a0procedente de\u00a0Miami\u00a0para sumarse a los trabajos con la Selecci\u00f3n que dirige\u00a0Lionel Scaloni\u00a0con vistas a los partidos contra Paraguay, en River, y Per\u00fa, en Lima, por la tercera y cuarta fecha de las\u00a0Eliminatorias Sudamericanas\u00a0rumbo al\u00a0Mundial de Canad\u00e1, Estados Unidos y M\u00e9xico 2026.<\/p>\n\n\n\n<p>Messi, que el s\u00e1bado volvi\u00f3 a jugar luego de una inactividad de 17 d\u00edas por lesi\u00f3n en la derrota de Inter Miami a manos de FC Cincinnati, lleg\u00f3 pasadas las 7 de la ma\u00f1ana en compa\u00f1\u00eda de\u00a0Facundo Far\u00edas, con quien juega en la franquicia de la Florida, y\u00a0Thiago Almada, quien milita en Atlanta United, tambi\u00e9n de la MLS.<\/p>\n\n\n\n<p>Ambos futbolistas fueron convocados por el cuerpo t\u00e9cnico del seleccionado mayor, pero trabajar\u00e1n bajo las \u00f3rdenes de Javier Mascherano, quien prepara el equipo Sub 23 para jugar el preol\u00edmpico para los Juegos de Par\u00eds 2024.<\/p>\n\n\n\n<p><\/p>\n\n\n\n<blockquote class=\"twitter-tweet\"><p lang=\"es\" dir=\"ltr\">\u00a1HOLA, LEO! \u00a1TE EST\u00c1BAMOS ESPERANDO! Messi lleg\u00f3 al pa\u00eds, junto a la Joya Far\u00edas, para sumarse a la Selecci\u00f3n Argentina. <br><br>&#x1f4fa; <a href=\"https:\/\/twitter.com\/hashtag\/ESPNenStarPlus?src=hash&amp;ref_src=twsrc%5Etfw\">#ESPNenStarPlus<\/a> <a href=\"https:\/\/t.co\/FRn9bKsd9r\">pic.twitter.com\/FRn9bKsd9r<\/a><\/p>&mdash; SportsCenter (@SC_ESPN) <a href=\"https:\/\/twitter.com\/SC_ESPN\/status\/1711330165479838204?ref_src=twsrc%5Etfw\">October 9, 2023<\/a><\/blockquote> <script async src=\"https:\/\/platform.twitter.com\/widgets.js\" charset=\"utf-8\"><\/script>\n\n\n\n<p><\/p>\n\n\n\n<p>En las \u00faltimas horas, Scaloni tuvo que meter mano en la lista con vista a estos dos partidos. El s\u00e1bado se anunci\u00f3 la inclusi\u00f3n de Facundo Medina, defensor de Lens, entre los convocados. Y horas despu\u00e9s se supo que el tambi\u00e9n defensor Juan Foyth hab\u00eda quedado desafectado por lesi\u00f3n. Lo mismo ocurri\u00f3 un rato m\u00e1s tarde con Paulo Dybala, quien sufri\u00f3 un esguince de rodilla izquierda de grado 2 jugando para Roma ante Cagliari y tambi\u00e9n fue marginado de la citaci\u00f3n.<\/p>\n\n\n\n<p>Adem\u00e1s de Foyth y Dybala, el cuerpo t\u00e9cnico tampoco contar\u00e1 con otros tres campeones del mundo que se bajaron por cuestiones f\u00edsicas de la citaci\u00f3n inicial. Se trata de Lisandro Mart\u00ednez, \u00c1ngel Correa y \u00c1ngel Di Mar\u00eda.<\/p>\n\n\n\n<p>El seleccionado argentino inicia este lunes sus entrenamientos en el predio Lionel Andr\u00e9s Messi de Ezeiza. La primera sesi\u00f3n de trabajo est\u00e1 programada para las 17.00 a puertas cerradas. Las pr\u00e1cticas de los dos d\u00edas siguientes ser\u00e1n en el mismo horario, con los \u00faltimos 15 minutos abierto a los medios, el martes.<\/p>\n\n\n\n<p>Argentina recibir\u00e1 a Paraguay el jueves desde las 20.00 en el Monumental y el martes 17 se presentar\u00e1 frente a Per\u00fa en el Estadio Nacional de Lima a partir de las 23.00.<\/p>\n\n\n\n<p>El equipo nacional lidera junto a Brasil la clasificaci\u00f3n sudamericana con 6 puntos, luego de imponerse 1-0 ante Ecuador en Buenos Aires y de golear 3-0 a Bolivia en la altura de La Paz.<\/p>\n\n\n\n<h2 class=\"wp-block-heading\">Los convocados<\/h2>\n\n\n\n<p><strong>Arqueros:&nbsp;<\/strong>Emiliano Mart\u00ednez, Franco Armani, Juan Musso y Walter Ben\u00edtez.<\/p>\n\n\n\n<p><strong>Defensores:<\/strong>\u00a0Facundo Medina, Gonzalo Montiel, Nahuel Molina, Germ\u00e1n Pezzella, Cristian Romero, Lucas Mart\u00ednez Quarta, Nicol\u00e1s Otamendi, Marcos Acu\u00f1a y Nicol\u00e1s Tagliafico.<\/p>\n\n\n\n<p><strong>Mediocampistas:&nbsp;<\/strong>Leandro Paredes, Guido Rodr\u00edguez, Enzo Fern\u00e1ndez, Rodrigo De Paul, Exequiel Palacios, Giovani Lo Celso y Alexis Mac Allister:<\/p>\n\n\n\n<p><strong>Delanteros:<\/strong>\u00a0Lionel Messi, Juli\u00e1n \u00c1lvarez, Lautaro Mart\u00ednez, Lucas Beltr\u00e1n, Alejandro Garnacho, Nicol\u00e1s Gonz\u00e1lez y Lucas Ocampos.<\/p>\n\n\n\n<p><\/p>\n\n\n\n<p>FUENTE: Clar\u00edn<\/p>\n","protected":false},"excerpt":{"rendered":"<p>Lionel Messi\u00a0lleg\u00f3 este lunes por la ma\u00f1ana a la\u00a0Argentina\u00a0procedente de\u00a0Miami\u00a0para sumarse a los trabajos con la Selecci\u00f3n que dirige\u00a0Lionel Scaloni\u00a0con vistas a los partidos contra Paraguay, en River, y Per\u00fa, en Lima, por la tercera y cuarta fecha de las\u00a0Eliminatorias Sudamericanas\u00a0rumbo al\u00a0Mundial de Canad\u00e1, Estados Unidos y M\u00e9xico 2026. Messi, que el s\u00e1bado volvi\u00f3 a [&hellip;]<\/p>\n","protected":false},"author":2,"featured_media":0,"comment_status":"closed","ping_status":"open","sticky":false,"template":"","format":"standard","meta":{"footnotes":""},"categories":[372],"tags":[458],"class_list":{"0":"post-10529","1":"post","2":"type-post","3":"status-publish","4":"format-standard","6":"category-futbol","7":"tag-deportes"},"_links":{"self":[{"href":"https:\/\/zoomproducciones.com.ar\/zoomp\/wp-json\/wp\/v2\/posts\/10529","targetHints":{"allow":["GET"]}}],"collection":[{"href":"https:\/\/zoomproducciones.com.ar\/zoomp\/wp-json\/wp\/v2\/posts"}],"about":[{"href":"https:\/\/zoomproducciones.com.ar\/zoomp\/wp-json\/wp\/v2\/types\/post"}],"author":[{"embeddable":true,"href":"https:\/\/zoomproducciones.com.ar\/zoomp\/wp-json\/wp\/v2\/users\/2"}],"replies":[{"embeddable":true,"href":"https:\/\/zoomproducciones.com.ar\/zoomp\/wp-json\/wp\/v2\/comments?post=10529"}],"version-history":[{"count":2,"href":"https:\/\/zoomproducciones.com.ar\/zoomp\/wp-json\/wp\/v2\/posts\/10529\/revisions"}],"predecessor-version":[{"id":10532,"href":"https:\/\/zoomproducciones.com.ar\/zoomp\/wp-json\/wp\/v2\/posts\/10529\/revisions\/10532"}],"wp:attachment":[{"href":"https:\/\/zoomproducciones.com.ar\/zoomp\/wp-json\/wp\/v2\/media?parent=10529"}],"wp:term":[{"taxonomy":"category","embeddable":true,"href":"https:\/\/zoomproducciones.com.ar\/zoomp\/wp-json\/wp\/v2\/categories?post=10529"},{"taxonomy":"post_tag","embeddable":true,"href":"https:\/\/zoomproducciones.com.ar\/zoomp\/wp-json\/wp\/v2\/tags?post=10529"}],"curies":[{"name":"wp","href":"https:\/\/api.w.org\/{rel}","templated":true}]}}