{"id":10521,"date":"2023-10-06T10:31:52","date_gmt":"2023-10-06T13:31:52","guid":{"rendered":"http:\/\/zoomproducciones.com.ar\/zoomp\/?p=10521"},"modified":"2023-10-06T10:31:52","modified_gmt":"2023-10-06T13:31:52","slug":"comenzo-el-pago-del-plus-unificado-3","status":"publish","type":"post","link":"https:\/\/zoomproducciones.com.ar\/zoomp\/comenzo-el-pago-del-plus-unificado-3\/","title":{"rendered":"Comenz\u00f3 el pago del plus unificado"},"content":{"rendered":"\n<p>Inicia este viernes el pago del plus unificado de $27.650 para trabajadores estatales activos y jubilados.<\/p>\n\n\n\n<h2 class=\"wp-block-heading\">Cronograma<\/h2>\n\n\n\n<p>Este viernes 6 de octubre cobrar\u00e1n aquellos cuyo DNI termine en 0 y 1. Vale aclarar, adem\u00e1s, que el monto estar\u00e1 disponible en cajeros autom\u00e1ticos desde el s\u00e1bado.<\/p>\n\n\n\n<p>Lunes 9 de octubre: DNI terminados en 2 y 3.<\/p>\n\n\n\n<p>Martes 10 de octubre: DNI terminados en 4 y 5.<\/p>\n\n\n\n<p>Mi\u00e9rcoles 11 de octubre: DNI terminados en 6 y 7.<\/p>\n\n\n\n<p>Jueves 12 de octubre: DNI terminados en 8 y 9.<\/p>\n\n\n\n<p>Con el nuevo aumento los agentes de la administraci\u00f3n p\u00fablica, dependiendo del sector, percibir\u00e1n entre $25.500 y m\u00e1s de $30.000 en algunos casos particulares de bolsillo como m\u00ednimo.<\/p>\n","protected":false},"excerpt":{"rendered":"<p>Inicia este viernes el pago del plus unificado de $27.650 para trabajadores estatales activos y jubilados. Cronograma Este viernes 6 de octubre cobrar\u00e1n aquellos cuyo DNI termine en 0 y 1. Vale aclarar, adem\u00e1s, que el monto estar\u00e1 disponible en cajeros autom\u00e1ticos desde el s\u00e1bado. Lunes 9 de octubre: DNI terminados en 2 y 3. [&hellip;]<\/p>\n","protected":false},"author":2,"featured_media":0,"comment_status":"closed","ping_status":"open","sticky":false,"template":"","format":"standard","meta":{"footnotes":""},"categories":[3],"tags":[511,125,113],"class_list":{"0":"post-10521","1":"post","2":"type-post","3":"status-publish","4":"format-standard","6":"category-provinciales","7":"tag-bloque-2","8":"tag-corrientes","9":"tag-gobierno-provincial"},"_links":{"self":[{"href":"https:\/\/zoomproducciones.com.ar\/zoomp\/wp-json\/wp\/v2\/posts\/10521","targetHints":{"allow":["GET"]}}],"collection":[{"href":"https:\/\/zoomproducciones.com.ar\/zoomp\/wp-json\/wp\/v2\/posts"}],"about":[{"href":"https:\/\/zoomproducciones.com.ar\/zoomp\/wp-json\/wp\/v2\/types\/post"}],"author":[{"embeddable":true,"href":"https:\/\/zoomproducciones.com.ar\/zoomp\/wp-json\/wp\/v2\/users\/2"}],"replies":[{"embeddable":true,"href":"https:\/\/zoomproducciones.com.ar\/zoomp\/wp-json\/wp\/v2\/comments?post=10521"}],"version-history":[{"count":1,"href":"https:\/\/zoomproducciones.com.ar\/zoomp\/wp-json\/wp\/v2\/posts\/10521\/revisions"}],"predecessor-version":[{"id":10522,"href":"https:\/\/zoomproducciones.com.ar\/zoomp\/wp-json\/wp\/v2\/posts\/10521\/revisions\/10522"}],"wp:attachment":[{"href":"https:\/\/zoomproducciones.com.ar\/zoomp\/wp-json\/wp\/v2\/media?parent=10521"}],"wp:term":[{"taxonomy":"category","embeddable":true,"href":"https:\/\/zoomproducciones.com.ar\/zoomp\/wp-json\/wp\/v2\/categories?post=10521"},{"taxonomy":"post_tag","embeddable":true,"href":"https:\/\/zoomproducciones.com.ar\/zoomp\/wp-json\/wp\/v2\/tags?post=10521"}],"curies":[{"name":"wp","href":"https:\/\/api.w.org\/{rel}","templated":true}]}}