{"id":10505,"date":"2023-10-06T09:01:36","date_gmt":"2023-10-06T12:01:36","guid":{"rendered":"http:\/\/zoomproducciones.com.ar\/zoomp\/?p=10505"},"modified":"2023-10-06T09:01:36","modified_gmt":"2023-10-06T12:01:36","slug":"ricardo-barboza-me-siento-un-servidor-publico-por-eso-la-decision-de-incursionar-en-politica","status":"publish","type":"post","link":"https:\/\/zoomproducciones.com.ar\/zoomp\/ricardo-barboza-me-siento-un-servidor-publico-por-eso-la-decision-de-incursionar-en-politica\/","title":{"rendered":"Ricardo Barboza: \u00abMe siento un servidor p\u00fablico, por eso la decisi\u00f3n de incursionar en pol\u00edtica\u00bb"},"content":{"rendered":"\n<p>Ricardo Barboza, candidato a Concejal por ECO+Vamos Corrientes y ex Comisario de la ciudad de Paso de los Libres, charl\u00f3 en Tire y Afloje acerca de su decisi\u00f3n de incursionar en la pol\u00edtica. <\/p>\n\n\n\n<p>\u00bbSi bien es cierto que dentro de la instituci\u00f3n policial hice bastante pol\u00edtica institucional, por los cargos que tuve que cubrir, que cumplir&#8230; esta pol\u00edtica partidaria es totalmente distinta, es un rubro al cual decid\u00ed incursionar tal vez por mi vocaci\u00f3n de ser un servidor p\u00fablico\u00bb expres\u00f3 el ex jefe de la Polic\u00eda de Corrientes.<\/p>\n\n\n\n<p>\u00bbYo nunca me considerar\u00eda un funcionario p\u00fablico, sino un servidor\u00bb agreg\u00f3.<\/p>\n\n\n\n<h2 class=\"wp-block-heading\">Su uni\u00f3n con Agust\u00edn Faraldo<\/h2>\n\n\n\n<p>\u00bb\u00c9l me ha llamado, me ha invitado a que me sume al espacio y bueno decid\u00ed porque congeni\u00e9 con \u00e9l en varios aspectos, con la idea de la solidaridad, la parte humana de Agust\u00edn, la hombr\u00eda que eso realmente nos complementamos muy bien y bueno en ese aspecto estuve muy c\u00f3modo\u00bb. <\/p>\n\n\n\n<p>\u00bbTodav\u00eda me siento joven y con ganas de seguir ayudando a la gente en lo que pueda, todo lo que pueda aportar desde mi experiencia, de mis conocimientos tanto de la parte de territorio aqu\u00ed en Paso de los Libres como la realidad socioecon\u00f3mica tambi\u00e9n\u00bb expres\u00f3. <\/p>\n\n\n\n<p>\u00bbTambi\u00e9n todo lo que pueda volcar mi experiencia en la parte de seguridad que es algo tan sensible y tan en boga en los \u00faltimos tiempos\u00bb.<\/p>\n\n\n\n<figure class=\"wp-block-embed is-type-video is-provider-youtube wp-block-embed-youtube wp-embed-aspect-16-9 wp-has-aspect-ratio\"><div class=\"wp-block-embed__wrapper\">\n<iframe loading=\"lazy\"  id=\"_ytid_66033\"  width=\"1000\" height=\"562\"  data-origwidth=\"1000\" data-origheight=\"562\" src=\"https:\/\/www.youtube.com\/embed\/Mi111srOc4E?enablejsapi=1&#038;autoplay=0&#038;cc_load_policy=0&#038;cc_lang_pref=&#038;iv_load_policy=1&#038;loop=0&#038;rel=1&#038;fs=1&#038;playsinline=0&#038;autohide=2&#038;theme=dark&#038;color=red&#038;controls=1&#038;disablekb=0&#038;\" class=\"__youtube_prefs__  epyt-is-override  no-lazyload\" title=\"YouTube player\"  allow=\"fullscreen; accelerometer; autoplay; clipboard-write; encrypted-media; gyroscope; picture-in-picture; web-share\" referrerpolicy=\"strict-origin-when-cross-origin\" allowfullscreen data-no-lazy=\"1\" data-skipgform_ajax_framebjll=\"\"><\/iframe>\n<\/div><\/figure>\n","protected":false},"excerpt":{"rendered":"<p>Ricardo Barboza, candidato a Concejal por ECO+Vamos Corrientes y ex Comisario de la ciudad de Paso de los Libres, charl\u00f3 en Tire y Afloje acerca de su decisi\u00f3n de incursionar en la pol\u00edtica. \u00bbSi bien es cierto que dentro de la instituci\u00f3n policial hice bastante pol\u00edtica institucional, por los cargos que tuve que cubrir, que [&hellip;]<\/p>\n","protected":false},"author":2,"featured_media":0,"comment_status":"closed","ping_status":"open","sticky":false,"template":"","format":"standard","meta":{"footnotes":""},"categories":[5],"tags":[511,116],"class_list":{"0":"post-10505","1":"post","2":"type-post","3":"status-publish","4":"format-standard","6":"category-locales","7":"tag-bloque-2","8":"tag-paso-de-los-libres"},"_links":{"self":[{"href":"https:\/\/zoomproducciones.com.ar\/zoomp\/wp-json\/wp\/v2\/posts\/10505","targetHints":{"allow":["GET"]}}],"collection":[{"href":"https:\/\/zoomproducciones.com.ar\/zoomp\/wp-json\/wp\/v2\/posts"}],"about":[{"href":"https:\/\/zoomproducciones.com.ar\/zoomp\/wp-json\/wp\/v2\/types\/post"}],"author":[{"embeddable":true,"href":"https:\/\/zoomproducciones.com.ar\/zoomp\/wp-json\/wp\/v2\/users\/2"}],"replies":[{"embeddable":true,"href":"https:\/\/zoomproducciones.com.ar\/zoomp\/wp-json\/wp\/v2\/comments?post=10505"}],"version-history":[{"count":1,"href":"https:\/\/zoomproducciones.com.ar\/zoomp\/wp-json\/wp\/v2\/posts\/10505\/revisions"}],"predecessor-version":[{"id":10507,"href":"https:\/\/zoomproducciones.com.ar\/zoomp\/wp-json\/wp\/v2\/posts\/10505\/revisions\/10507"}],"wp:attachment":[{"href":"https:\/\/zoomproducciones.com.ar\/zoomp\/wp-json\/wp\/v2\/media?parent=10505"}],"wp:term":[{"taxonomy":"category","embeddable":true,"href":"https:\/\/zoomproducciones.com.ar\/zoomp\/wp-json\/wp\/v2\/categories?post=10505"},{"taxonomy":"post_tag","embeddable":true,"href":"https:\/\/zoomproducciones.com.ar\/zoomp\/wp-json\/wp\/v2\/tags?post=10505"}],"curies":[{"name":"wp","href":"https:\/\/api.w.org\/{rel}","templated":true}]}}