{"id":10498,"date":"2023-10-06T08:32:19","date_gmt":"2023-10-06T11:32:19","guid":{"rendered":"http:\/\/zoomproducciones.com.ar\/zoomp\/?p=10498"},"modified":"2023-10-06T08:32:20","modified_gmt":"2023-10-06T11:32:20","slug":"alerta-por-tormentas-en-libres-y-varias-localidades","status":"publish","type":"post","link":"https:\/\/zoomproducciones.com.ar\/zoomp\/alerta-por-tormentas-en-libres-y-varias-localidades\/","title":{"rendered":"Alerta por tormentas en Libres y varias localidades"},"content":{"rendered":"\n<p>El Servicio Meteorol\u00f3gico Nacional inform\u00f3 un alerta amarilla por fuertes lluvias para distintas localidades de la provincia de Corrientes, entre esas Paso de los Libres.<\/p>\n\n\n\n<p>Se trata de: General Alvear &#8211; Paso de los Libres &#8211; San Mart\u00edn &#8211; Santo Tom\u00e9 &#8211; Ber\u00f3n de Astrada &#8211; Capital &#8211; Empedrado &#8211; General Paz &#8211; Itat\u00ed &#8211; Mburucuy\u00e1 &#8211; Saladas &#8211; San Cosme &#8211; San Luis del Palmar.<\/p>\n\n\n\n<figure class=\"wp-block-image size-full\"><a href=\"http:\/\/zoomproducciones.com.ar\/zoomp\/wp-content\/uploads\/2023\/10\/image-41.png\"><img decoding=\"async\" src=\"http:\/\/zoomproducciones.com.ar\/zoomp\/wp-content\/uploads\/2023\/10\/image-41.png\" alt=\"\" class=\"wp-image-10499\"\/><\/a><\/figure>\n\n\n\n<p>Las lluvias en Libres llegar\u00edan para la tarde y noche de esta jornada, aunque tambi\u00e9n se esperan chaparrones durante la ma\u00f1ana. <\/p>\n\n\n\n<figure class=\"wp-block-image size-full\"><a href=\"http:\/\/zoomproducciones.com.ar\/zoomp\/wp-content\/uploads\/2023\/10\/image-42.png\"><img decoding=\"async\" src=\"http:\/\/zoomproducciones.com.ar\/zoomp\/wp-content\/uploads\/2023\/10\/image-42.png\" alt=\"\" class=\"wp-image-10500\"\/><\/a><\/figure>\n\n\n\n<p>La m\u00ednima ser\u00e1 de 10\u00b0C y la m\u00e1xima de 25\u00b0C. Las r\u00e1fagas de viento llegar\u00e1n desde el este, aunque se espera un cambio de direcci\u00f3n para la tarde desde el sureste. <\/p>\n\n\n\n<h2 class=\"wp-block-heading\">Alerta<\/h2>\n\n\n\n<p>El \u00e1rea ser\u00e1 afectada por tormentas, algunas localmente fuertes. Se espera que las mismas est\u00e9n acompa\u00f1adas por ca\u00edda de granizo, r\u00e1fagas fuertes, actividad el\u00e9ctrica intensa y abundante ca\u00edda de agua en cortos per\u00edodos. Se estiman valores de precipitaci\u00f3n acumulada entre 40 y 70 mm, pudiendo ser superados de forma puntual.<\/p>\n\n\n\n<h2 class=\"wp-block-heading\">Recomendaciones del SMN<\/h2>\n\n\n\n<p>1- No saques la basura. Retir\u00e1 objetos que impidan que el agua escurra.<br>2- Evit\u00e1 actividades al aire libre.<br>3- No te refugies cerca de \u00e1rboles y postes de electricidad que puedan caerse.<br>4- Para minimizar el riesgo de ser alcanzado por un rayo, no permanezcas en playas, r\u00edos, lagunas o<br>piletas.<br>5- Estate atento ante la posible ca\u00edda de granizo.<br>6- Informate por las autoridades.Ten\u00e9 siempre lista una mochila de emergencias con linterna, radio,<br>documentos y tel\u00e9fono.<\/p>\n","protected":false},"excerpt":{"rendered":"<p>El Servicio Meteorol\u00f3gico Nacional inform\u00f3 un alerta amarilla por fuertes lluvias para distintas localidades de la provincia de Corrientes, entre esas Paso de los Libres. Se trata de: General Alvear &#8211; Paso de los Libres &#8211; San Mart\u00edn &#8211; Santo Tom\u00e9 &#8211; Ber\u00f3n de Astrada &#8211; Capital &#8211; Empedrado &#8211; General Paz &#8211; Itat\u00ed &#8211; [&hellip;]<\/p>\n","protected":false},"author":2,"featured_media":0,"comment_status":"closed","ping_status":"open","sticky":false,"template":"","format":"standard","meta":{"footnotes":""},"categories":[5],"tags":[42,116],"class_list":{"0":"post-10498","1":"post","2":"type-post","3":"status-publish","4":"format-standard","6":"category-locales","7":"tag-featured","8":"tag-paso-de-los-libres"},"_links":{"self":[{"href":"https:\/\/zoomproducciones.com.ar\/zoomp\/wp-json\/wp\/v2\/posts\/10498","targetHints":{"allow":["GET"]}}],"collection":[{"href":"https:\/\/zoomproducciones.com.ar\/zoomp\/wp-json\/wp\/v2\/posts"}],"about":[{"href":"https:\/\/zoomproducciones.com.ar\/zoomp\/wp-json\/wp\/v2\/types\/post"}],"author":[{"embeddable":true,"href":"https:\/\/zoomproducciones.com.ar\/zoomp\/wp-json\/wp\/v2\/users\/2"}],"replies":[{"embeddable":true,"href":"https:\/\/zoomproducciones.com.ar\/zoomp\/wp-json\/wp\/v2\/comments?post=10498"}],"version-history":[{"count":1,"href":"https:\/\/zoomproducciones.com.ar\/zoomp\/wp-json\/wp\/v2\/posts\/10498\/revisions"}],"predecessor-version":[{"id":10501,"href":"https:\/\/zoomproducciones.com.ar\/zoomp\/wp-json\/wp\/v2\/posts\/10498\/revisions\/10501"}],"wp:attachment":[{"href":"https:\/\/zoomproducciones.com.ar\/zoomp\/wp-json\/wp\/v2\/media?parent=10498"}],"wp:term":[{"taxonomy":"category","embeddable":true,"href":"https:\/\/zoomproducciones.com.ar\/zoomp\/wp-json\/wp\/v2\/categories?post=10498"},{"taxonomy":"post_tag","embeddable":true,"href":"https:\/\/zoomproducciones.com.ar\/zoomp\/wp-json\/wp\/v2\/tags?post=10498"}],"curies":[{"name":"wp","href":"https:\/\/api.w.org\/{rel}","templated":true}]}}