{"id":10493,"date":"2023-10-06T08:24:56","date_gmt":"2023-10-06T11:24:56","guid":{"rendered":"http:\/\/zoomproducciones.com.ar\/zoomp\/?p=10493"},"modified":"2023-10-06T08:24:57","modified_gmt":"2023-10-06T11:24:57","slug":"caso-dahse-condenaron-a-7-anos-de-prision-al-ginecologo-que-violo-a-su-paciente","status":"publish","type":"post","link":"https:\/\/zoomproducciones.com.ar\/zoomp\/caso-dahse-condenaron-a-7-anos-de-prision-al-ginecologo-que-violo-a-su-paciente\/","title":{"rendered":"Caso Dahse: condenaron a 7 a\u00f1os de prisi\u00f3n al ginec\u00f3logo que viol\u00f3 a su paciente"},"content":{"rendered":"\n<p>El ginec\u00f3logo Gerardo Alejandro Dahse fue condenado este jueves por la Justicia de Corrientes a 7 a\u00f1os de prisi\u00f3n por un hecho de abuso sexual cometido dentro de su consultorio en el a\u00f1o 2021.<\/p>\n\n\n\n<p>El Tribunal Oral Penal 1 de Corrientes estuvo constituido por los jueces: Ana del Carmen Figueredo, Cynthia Teresita Godoy Prats y Ra\u00fal Juan Carlos Guer\u00edn. Los mismos condenaron a Dahse (57) a siete a\u00f1os de prisi\u00f3n por el delito de abuso sexual gravemente ultrajante y decidieron <strong>su inhabilitaci\u00f3n perpetua para el ejercicio de la medicina.<\/strong><\/p>\n\n\n\n<figure class=\"wp-block-image size-full\"><a href=\"http:\/\/zoomproducciones.com.ar\/zoomp\/wp-content\/uploads\/2023\/10\/image-39.png\"><img decoding=\"async\" src=\"http:\/\/zoomproducciones.com.ar\/zoomp\/wp-content\/uploads\/2023\/10\/image-39.png\" alt=\"\" class=\"wp-image-10495\"\/><\/a><\/figure>\n\n\n\n<p>La abogada querellante, Sof\u00eda Dom\u00ednguez Brice\u00f1o, en su alegato formulado esta tarde hab\u00eda reclamado que el ginec\u00f3logo sea condenado a la pena m\u00e1xima que encuadra en la figura penal por la que se lo enjuici\u00f3, a 10 a\u00f1os de prisi\u00f3n.<\/p>\n\n\n\n<p>Asimismo, la abogada reclam\u00f3 la detenci\u00f3n inmediata del imputado, pues gozaba de una eximici\u00f3n de prisi\u00f3n con la cual lleg\u00f3 en libertad al juicio.<\/p>\n\n\n\n<p>El TOP decidi\u00f3 no revocar por el momento el beneficio de la libertad de Dahse, hasta tanto la condena quede firme. Esta decisi\u00f3n gener\u00f3 varias molestias entre las personas que se encontraban esperando el veredicto.<\/p>\n\n\n\n<figure class=\"wp-block-image size-large\"><a href=\"http:\/\/zoomproducciones.com.ar\/zoomp\/wp-content\/uploads\/2023\/10\/image-38.png\"><img decoding=\"async\" src=\"http:\/\/zoomproducciones.com.ar\/zoomp\/wp-content\/uploads\/2023\/10\/image-38-1024x683.png\" alt=\"\" class=\"wp-image-10494\"\/><\/a><\/figure>\n\n\n\n<p><strong>El hecho llevado a debate se circunscribe a un episodio de mayo de 2021, durante una consulta m\u00e9dica, cuando el profesional cerr\u00f3 el consultorio con llave y abus\u00f3 sexualmente de la mujer.<\/strong><\/p>\n\n\n\n<p>Ahora, Dahse deber\u00e1 afrontar otro juicio, aun sin fecha, luego de que en julio pasado la jueza de Instrucci\u00f3n 3 de Corrientes, Josefina Gonz\u00e1lez Caba\u00f1as,&nbsp;<strong>elevara a juicio otra causa originada en la denuncia por supuesta violaci\u00f3n a una menor en 2008.<\/strong><\/p>\n\n\n\n<p>Se trata de un caso caratulado como abuso en la infancia, por ello la prescripci\u00f3n se hallaba suspendida hasta tanto la v\u00edctima realice la denuncia con lo cual, a los ojos de la magistrada y la querella, no se extingui\u00f3 la acci\u00f3n penal.<\/p>\n","protected":false},"excerpt":{"rendered":"<p>El ginec\u00f3logo Gerardo Alejandro Dahse fue condenado este jueves por la Justicia de Corrientes a 7 a\u00f1os de prisi\u00f3n por un hecho de abuso sexual cometido dentro de su consultorio en el a\u00f1o 2021. El Tribunal Oral Penal 1 de Corrientes estuvo constituido por los jueces: Ana del Carmen Figueredo, Cynthia Teresita Godoy Prats y [&hellip;]<\/p>\n","protected":false},"author":2,"featured_media":0,"comment_status":"closed","ping_status":"open","sticky":false,"template":"","format":"standard","meta":{"footnotes":""},"categories":[414],"tags":[125,42,122],"class_list":{"0":"post-10493","1":"post","2":"type-post","3":"status-publish","4":"format-standard","6":"category-policiales-2","7":"tag-corrientes","8":"tag-featured","9":"tag-policiales"},"_links":{"self":[{"href":"https:\/\/zoomproducciones.com.ar\/zoomp\/wp-json\/wp\/v2\/posts\/10493","targetHints":{"allow":["GET"]}}],"collection":[{"href":"https:\/\/zoomproducciones.com.ar\/zoomp\/wp-json\/wp\/v2\/posts"}],"about":[{"href":"https:\/\/zoomproducciones.com.ar\/zoomp\/wp-json\/wp\/v2\/types\/post"}],"author":[{"embeddable":true,"href":"https:\/\/zoomproducciones.com.ar\/zoomp\/wp-json\/wp\/v2\/users\/2"}],"replies":[{"embeddable":true,"href":"https:\/\/zoomproducciones.com.ar\/zoomp\/wp-json\/wp\/v2\/comments?post=10493"}],"version-history":[{"count":1,"href":"https:\/\/zoomproducciones.com.ar\/zoomp\/wp-json\/wp\/v2\/posts\/10493\/revisions"}],"predecessor-version":[{"id":10497,"href":"https:\/\/zoomproducciones.com.ar\/zoomp\/wp-json\/wp\/v2\/posts\/10493\/revisions\/10497"}],"wp:attachment":[{"href":"https:\/\/zoomproducciones.com.ar\/zoomp\/wp-json\/wp\/v2\/media?parent=10493"}],"wp:term":[{"taxonomy":"category","embeddable":true,"href":"https:\/\/zoomproducciones.com.ar\/zoomp\/wp-json\/wp\/v2\/categories?post=10493"},{"taxonomy":"post_tag","embeddable":true,"href":"https:\/\/zoomproducciones.com.ar\/zoomp\/wp-json\/wp\/v2\/tags?post=10493"}],"curies":[{"name":"wp","href":"https:\/\/api.w.org\/{rel}","templated":true}]}}