{"id":10476,"date":"2023-10-05T10:21:21","date_gmt":"2023-10-05T13:21:21","guid":{"rendered":"http:\/\/zoomproducciones.com.ar\/zoomp\/?p=10476"},"modified":"2023-10-05T10:22:16","modified_gmt":"2023-10-05T13:22:16","slug":"bullrich-denuncio-penalmente-a-milei-por-acusarla-de-ser-una-montonera-tira-bombas","status":"publish","type":"post","link":"https:\/\/zoomproducciones.com.ar\/zoomp\/bullrich-denuncio-penalmente-a-milei-por-acusarla-de-ser-una-montonera-tira-bombas\/","title":{"rendered":"Bullrich denunci\u00f3 penalmente a Milei por acusarla de ser \u00bbuna montonera tira bombas\u00bb"},"content":{"rendered":"\n<p><strong>La candidata presidencial de Juntos por el Cambio (JxC), Patricia Bullrich, present\u00f3 este mi\u00e9rcoles en los Tribunales una demanda por \u00abcalumnias e injurias\u00bb contra el postulante de La Libertad Avanza (LLA), Javier Milei,<\/strong>&nbsp;quien la acus\u00f3 de ser \u00abuna montonera tira bombas\u00bb y que \u00abha puesto bombas en jardines de infantes\u00bb.<\/p>\n\n\n\n<p>\u00abCabe destacar en primer lugar que las acusaciones formuladas por Milei son falsas. La mendacidad de las expresiones es clara y evidente en la medida que no solamente&nbsp;<strong>nunca tuve intervenci\u00f3n en alg\u00fan hecho vinculado a la colocaci\u00f3n de explosivos<\/strong>&nbsp;en jardines de infantes\u00bb, dijo la candidata en su denuncia.<\/p>\n\n\n\n<p>Y agreg\u00f3 que<strong>&nbsp;\u00abno se registra atentado alguno de tales caracter\u00edsticas en la Rep\u00fablica Argentina<\/strong>, circunstancia que demuestra suficientemente que Milei conoc\u00eda que su acusaci\u00f3n era falsa\u00bb.<\/p>\n\n\n\n<p>En la denuncia distribuida por su equipo de prensa, Bullrich acusa al dirigente libertario por&nbsp;<strong>\u00abla comisi\u00f3n de los delitos de calumnias e injurias\u00bb<\/strong>&nbsp;tipificados en los art\u00edculos 109 y 110, del C\u00f3digo Penal de la Naci\u00f3n y 415 y 418, del C\u00f3digo Procesal Penal.<\/p>\n\n\n\n<p>La ley prev\u00e9 para esos delitos&nbsp;<strong>penas de multas, ya que a\u00f1os atr\u00e1s fue eliminada la condena a prisi\u00f3n.<\/strong><\/p>\n\n\n\n<p>\u00abEl candidato Milei, a sabiendas de la falsedad de sus afirmaciones, me vincul\u00f3 en forma explicita a la comisi\u00f3n de delitos concretos graves,&nbsp;<strong>caracteriz\u00e1ndome falsamente como &#8216;terrorista&#8217;,<\/strong>&nbsp;lo que indudablemente pretende excluirme a m\u00ed -y a la alianza de partidos pol\u00edticos que represento- de las reglas de la democracia\u00bb, a\u00f1ade el texto.<\/p>\n\n\n\n<p>T\u00e9lam.<\/p>\n","protected":false},"excerpt":{"rendered":"<p>La candidata presidencial de Juntos por el Cambio (JxC), Patricia Bullrich, present\u00f3 este mi\u00e9rcoles en los Tribunales una demanda por \u00abcalumnias e injurias\u00bb contra el postulante de La Libertad Avanza (LLA), Javier Milei,&nbsp;quien la acus\u00f3 de ser \u00abuna montonera tira bombas\u00bb y que \u00abha puesto bombas en jardines de infantes\u00bb. \u00abCabe destacar en primer lugar [&hellip;]<\/p>\n","protected":false},"author":2,"featured_media":0,"comment_status":"closed","ping_status":"open","sticky":false,"template":"","format":"standard","meta":{"footnotes":""},"categories":[8],"tags":[118,511],"class_list":{"0":"post-10476","1":"post","2":"type-post","3":"status-publish","4":"format-standard","6":"category-nacionales","7":"tag-argentina","8":"tag-bloque-2"},"_links":{"self":[{"href":"https:\/\/zoomproducciones.com.ar\/zoomp\/wp-json\/wp\/v2\/posts\/10476","targetHints":{"allow":["GET"]}}],"collection":[{"href":"https:\/\/zoomproducciones.com.ar\/zoomp\/wp-json\/wp\/v2\/posts"}],"about":[{"href":"https:\/\/zoomproducciones.com.ar\/zoomp\/wp-json\/wp\/v2\/types\/post"}],"author":[{"embeddable":true,"href":"https:\/\/zoomproducciones.com.ar\/zoomp\/wp-json\/wp\/v2\/users\/2"}],"replies":[{"embeddable":true,"href":"https:\/\/zoomproducciones.com.ar\/zoomp\/wp-json\/wp\/v2\/comments?post=10476"}],"version-history":[{"count":2,"href":"https:\/\/zoomproducciones.com.ar\/zoomp\/wp-json\/wp\/v2\/posts\/10476\/revisions"}],"predecessor-version":[{"id":10478,"href":"https:\/\/zoomproducciones.com.ar\/zoomp\/wp-json\/wp\/v2\/posts\/10476\/revisions\/10478"}],"wp:attachment":[{"href":"https:\/\/zoomproducciones.com.ar\/zoomp\/wp-json\/wp\/v2\/media?parent=10476"}],"wp:term":[{"taxonomy":"category","embeddable":true,"href":"https:\/\/zoomproducciones.com.ar\/zoomp\/wp-json\/wp\/v2\/categories?post=10476"},{"taxonomy":"post_tag","embeddable":true,"href":"https:\/\/zoomproducciones.com.ar\/zoomp\/wp-json\/wp\/v2\/tags?post=10476"}],"curies":[{"name":"wp","href":"https:\/\/api.w.org\/{rel}","templated":true}]}}