{"id":10473,"date":"2023-10-05T10:15:05","date_gmt":"2023-10-05T13:15:05","guid":{"rendered":"http:\/\/zoomproducciones.com.ar\/zoomp\/?p=10473"},"modified":"2023-10-05T10:15:05","modified_gmt":"2023-10-05T13:15:05","slug":"valdes-critico-tanto-a-massa-como-a-milei-me-veo-bien-con-patricia-para-la-segunda-vuelta","status":"publish","type":"post","link":"https:\/\/zoomproducciones.com.ar\/zoomp\/valdes-critico-tanto-a-massa-como-a-milei-me-veo-bien-con-patricia-para-la-segunda-vuelta\/","title":{"rendered":"Vald\u00e9s critic\u00f3 tanto a Massa como a Milei: \u00bbMe veo bien con Patricia para la segunda vuelta\u00bb"},"content":{"rendered":"\n<p>El Gobernador Gustavo Vald\u00e9s charl\u00f3 con Radio Rivadavia sobre los candidatos que se volver\u00e1n a enfrentar este pr\u00f3ximo 22 de octubre. <\/p>\n\n\n\n<p>Ante la consulta de si el a\u00f1o 2024 va a ser m\u00e1s d\u00edficil en materia econ\u00f3mica que el 2023, Vald\u00e9s aseguro que s\u00ed. \u00bb<strong>Uno tiene una motosierra<\/strong> (por el candidato a Presidente de la Naci\u00f3n Javier Milei)<strong> entonces ten\u00e9s que saber de qu\u00e9 lado vas a estar,<\/strong> porque hay uno solo que la maneja y del otro lado est\u00e1n los \u00e1rboles\u201d.\u00a0<\/p>\n\n\n\n<p>\u201c<strong>Y despu\u00e9s ten\u00e9s lo ficticio,<\/strong> <strong>este Gobierno Nacional que es centralista que tenemos hoy y que aprob\u00f3 14 leyes que concentraron para Naci\u00f3n los recursos.<\/strong> Y ahora le meti\u00f3 un bombazo a la coparticipaci\u00f3n que van a implicar seg\u00fan nosotros 3,5 billones de pesos . Es decir que van a sumar a todas las provincias que no tenemos problemas en la crisis. Eso lo que dije hace un a\u00f1o, nos vamos a dar un pi\u00f1azo y nos estamos pegando\u201d.\u00a0<\/p>\n\n\n\n<p>\u201cY Massa se est\u00e1 despidiendo con un pi\u00f1azo para todos. <strong>Es un plan pi\u00f1azo para naci\u00f3n<\/strong>, para la pol\u00edtica, para la gobernabilidad de las provincias. Ese es el final de un gobierno que creo que ya fue\u201d.<\/p>\n\n\n\n<h2 class=\"wp-block-heading\">Internas en Juntos por el Cambio<\/h2>\n\n\n\n<p>Ante la pregunta si fue un error las internas de Juntos por el Cambio, expres\u00f3: \u201cyo lo dije y tengo la tranquilidad de haberle dicho a cada uno. Lo que yo propon\u00eda era una f\u00f3rmula \u00fanica e incluso no cruzada, la mejor f\u00f3rmula que nosotros podamos tener como espacio pol\u00edtico\u201d.\u00a0<\/p>\n\n\n\n<p>\u201cPor supuesto\u201d, dijo consultado sobre si iba a apoyar una f\u00f3rmula presidencial integrada solo por referentes de Propuesta Republicana (PRO).&nbsp;<\/p>\n\n\n\n<p>\u201cNosotros ten\u00edamos que ir a un esquema de tercios pero ya trabajando con el envi\u00f3n hacia adelante y se los dije\u201d, acot\u00f3.<\/p>\n\n\n\n<p>\u201cMe hubiese gustado ir juntos\u201d, dijo ante la pregunta si hubiera apoyado la f\u00f3rmula encabezada por Larreta. \u201cSi lo hicimos en Corrientes fuimos juntos, lo hicimos en el Chaco. Algunos creen que las internas te potencian, pero en realidad te terminan generando heridas\u201d.<\/p>\n\n\n\n<p>\u201cHoy estamos trabajando, estamos limando y estamos trabajando mucho gobernadores electos, en ejercicio y candidatos trabajando para estar en segunda vuelta y vale la estructura\u201d, agreg\u00f3.<\/p>\n\n\n\n<h2 class=\"wp-block-heading\">Apoyo a Patricia<\/h2>\n\n\n\n<p>El gobernador expres\u00f3 que not\u00f3 engripada a la candidata de Juntos por el Cambio, pero conf\u00eda en que se recuperar\u00e1 este domingo 08\/10.<\/p>\n\n\n\n<p>\u201cHay una idea de a qui\u00e9n hay que bajar. Massa y Milei quieren bajar a Patricia\u201d, remarc\u00f3.<\/p>\n","protected":false},"excerpt":{"rendered":"<p>El Gobernador Gustavo Vald\u00e9s charl\u00f3 con Radio Rivadavia sobre los candidatos que se volver\u00e1n a enfrentar este pr\u00f3ximo 22 de octubre. Ante la consulta de si el a\u00f1o 2024 va a ser m\u00e1s d\u00edficil en materia econ\u00f3mica que el 2023, Vald\u00e9s aseguro que s\u00ed. \u00bbUno tiene una motosierra (por el candidato a Presidente de la [&hellip;]<\/p>\n","protected":false},"author":2,"featured_media":0,"comment_status":"closed","ping_status":"open","sticky":false,"template":"","format":"standard","meta":{"footnotes":""},"categories":[3],"tags":[511,125],"class_list":{"0":"post-10473","1":"post","2":"type-post","3":"status-publish","4":"format-standard","6":"category-provinciales","7":"tag-bloque-2","8":"tag-corrientes"},"_links":{"self":[{"href":"https:\/\/zoomproducciones.com.ar\/zoomp\/wp-json\/wp\/v2\/posts\/10473","targetHints":{"allow":["GET"]}}],"collection":[{"href":"https:\/\/zoomproducciones.com.ar\/zoomp\/wp-json\/wp\/v2\/posts"}],"about":[{"href":"https:\/\/zoomproducciones.com.ar\/zoomp\/wp-json\/wp\/v2\/types\/post"}],"author":[{"embeddable":true,"href":"https:\/\/zoomproducciones.com.ar\/zoomp\/wp-json\/wp\/v2\/users\/2"}],"replies":[{"embeddable":true,"href":"https:\/\/zoomproducciones.com.ar\/zoomp\/wp-json\/wp\/v2\/comments?post=10473"}],"version-history":[{"count":1,"href":"https:\/\/zoomproducciones.com.ar\/zoomp\/wp-json\/wp\/v2\/posts\/10473\/revisions"}],"predecessor-version":[{"id":10475,"href":"https:\/\/zoomproducciones.com.ar\/zoomp\/wp-json\/wp\/v2\/posts\/10473\/revisions\/10475"}],"wp:attachment":[{"href":"https:\/\/zoomproducciones.com.ar\/zoomp\/wp-json\/wp\/v2\/media?parent=10473"}],"wp:term":[{"taxonomy":"category","embeddable":true,"href":"https:\/\/zoomproducciones.com.ar\/zoomp\/wp-json\/wp\/v2\/categories?post=10473"},{"taxonomy":"post_tag","embeddable":true,"href":"https:\/\/zoomproducciones.com.ar\/zoomp\/wp-json\/wp\/v2\/tags?post=10473"}],"curies":[{"name":"wp","href":"https:\/\/api.w.org\/{rel}","templated":true}]}}