{"id":10469,"date":"2023-10-05T09:44:08","date_gmt":"2023-10-05T12:44:08","guid":{"rendered":"http:\/\/zoomproducciones.com.ar\/zoomp\/?p=10469"},"modified":"2023-10-05T09:54:21","modified_gmt":"2023-10-05T12:54:21","slug":"boca-visita-a-palmeiras-por-el-sueno-de-la-copa-libertadores","status":"publish","type":"post","link":"https:\/\/zoomproducciones.com.ar\/zoomp\/boca-visita-a-palmeiras-por-el-sueno-de-la-copa-libertadores\/","title":{"rendered":"Boca visita a Palmeiras por el sue\u00f1o de la Copa Libertadores"},"content":{"rendered":"\n<p>Tras el 0-0 en la Bombonera, el equipo de Almir\u00f3n&nbsp;tiene una parada brava en Brasil este jueves que desde las 21.30 ir\u00e1 en busca del sue\u00f1o de conseguir la s\u00e9ptima copa continental.&nbsp;<\/p>\n\n\n\n<p>El \u00e1rbitro del partido que cerrar\u00e1 la serie ser\u00e1 el uruguayo Andr\u00e9s Matonte, en el VAR estar\u00e1 su compatriota Leod\u00e1n Gonz\u00e1lez y lo televisar\u00e1n las cadenas Fox Sports y Star+.<\/p>\n\n\n\n<p>En el caso de que haya empate, la serie entre Boca y Palmerias se definir\u00e1 por penales, y el ganador enfrentar\u00e1 en la definici\u00f3n del certamen, el 4 de noviembre en el Maracan\u00e1, a Fluminense, qui\u00e9n gan\u00f3 sobre la hora ante Internacional.<\/p>\n\n\n\n<figure class=\"wp-block-embed is-type-video is-provider-youtube wp-block-embed-youtube wp-embed-aspect-16-9 wp-has-aspect-ratio\"><div class=\"wp-block-embed__wrapper\">\n<iframe loading=\"lazy\"  id=\"_ytid_37885\"  width=\"1000\" height=\"562\"  data-origwidth=\"1000\" data-origheight=\"562\" src=\"https:\/\/www.youtube.com\/embed\/6XG6fawewcY?enablejsapi=1&#038;autoplay=0&#038;cc_load_policy=0&#038;cc_lang_pref=&#038;iv_load_policy=1&#038;loop=0&#038;rel=1&#038;fs=1&#038;playsinline=0&#038;autohide=2&#038;theme=dark&#038;color=red&#038;controls=1&#038;disablekb=0&#038;\" class=\"__youtube_prefs__  epyt-is-override  no-lazyload\" title=\"YouTube player\"  allow=\"fullscreen; accelerometer; autoplay; clipboard-write; encrypted-media; gyroscope; picture-in-picture; web-share\" referrerpolicy=\"strict-origin-when-cross-origin\" allowfullscreen data-no-lazy=\"1\" data-skipgform_ajax_framebjll=\"\"><\/iframe>\n<\/div><\/figure>\n","protected":false},"excerpt":{"rendered":"<p>Tras el 0-0 en la Bombonera, el equipo de Almir\u00f3n&nbsp;tiene una parada brava en Brasil este jueves que desde las 21.30 ir\u00e1 en busca del sue\u00f1o de conseguir la s\u00e9ptima copa continental.&nbsp; El \u00e1rbitro del partido que cerrar\u00e1 la serie ser\u00e1 el uruguayo Andr\u00e9s Matonte, en el VAR estar\u00e1 su compatriota Leod\u00e1n Gonz\u00e1lez y lo [&hellip;]<\/p>\n","protected":false},"author":2,"featured_media":0,"comment_status":"closed","ping_status":"open","sticky":false,"template":"","format":"standard","meta":{"footnotes":""},"categories":[372],"tags":[511,433],"class_list":{"0":"post-10469","1":"post","2":"type-post","3":"status-publish","4":"format-standard","6":"category-futbol","7":"tag-bloque-2","8":"tag-copa-libertadores"},"_links":{"self":[{"href":"https:\/\/zoomproducciones.com.ar\/zoomp\/wp-json\/wp\/v2\/posts\/10469","targetHints":{"allow":["GET"]}}],"collection":[{"href":"https:\/\/zoomproducciones.com.ar\/zoomp\/wp-json\/wp\/v2\/posts"}],"about":[{"href":"https:\/\/zoomproducciones.com.ar\/zoomp\/wp-json\/wp\/v2\/types\/post"}],"author":[{"embeddable":true,"href":"https:\/\/zoomproducciones.com.ar\/zoomp\/wp-json\/wp\/v2\/users\/2"}],"replies":[{"embeddable":true,"href":"https:\/\/zoomproducciones.com.ar\/zoomp\/wp-json\/wp\/v2\/comments?post=10469"}],"version-history":[{"count":2,"href":"https:\/\/zoomproducciones.com.ar\/zoomp\/wp-json\/wp\/v2\/posts\/10469\/revisions"}],"predecessor-version":[{"id":10472,"href":"https:\/\/zoomproducciones.com.ar\/zoomp\/wp-json\/wp\/v2\/posts\/10469\/revisions\/10472"}],"wp:attachment":[{"href":"https:\/\/zoomproducciones.com.ar\/zoomp\/wp-json\/wp\/v2\/media?parent=10469"}],"wp:term":[{"taxonomy":"category","embeddable":true,"href":"https:\/\/zoomproducciones.com.ar\/zoomp\/wp-json\/wp\/v2\/categories?post=10469"},{"taxonomy":"post_tag","embeddable":true,"href":"https:\/\/zoomproducciones.com.ar\/zoomp\/wp-json\/wp\/v2\/tags?post=10469"}],"curies":[{"name":"wp","href":"https:\/\/api.w.org\/{rel}","templated":true}]}}