{"id":10466,"date":"2023-10-05T09:24:52","date_gmt":"2023-10-05T12:24:52","guid":{"rendered":"http:\/\/zoomproducciones.com.ar\/zoomp\/?p=10466"},"modified":"2023-10-05T09:24:53","modified_gmt":"2023-10-05T12:24:53","slug":"un-camion-atropello-a-un-colectivo-que-iba-desde-paso-de-los-libres-a-posadas","status":"publish","type":"post","link":"https:\/\/zoomproducciones.com.ar\/zoomp\/un-camion-atropello-a-un-colectivo-que-iba-desde-paso-de-los-libres-a-posadas\/","title":{"rendered":"Un cami\u00f3n atropell\u00f3 a un colectivo que iba desde Paso de los Libres a Posadas"},"content":{"rendered":"\n<p>Este martes ocurri\u00f3 un siniestro vial en la Ruta Nacional 105, a la altura de la localidad de Santa In\u00e9s, Misiones. En las im\u00e1genes se puede visualizar cuando un cami\u00f3n embisti\u00f3 a un colectivo de larga distancia que hab\u00eda partido desde Paso de los Libres hacia Posadas.<\/p>\n\n\n\n<p>La empresa del bus es Crucero del Norte.<\/p>\n\n\n\n<p>Seg\u00fan fuentes oficiales, el conductor del cami\u00f3n result\u00f3 ser el m\u00e1s afectado, sufriendo fracturas en ambas piernas. Despu\u00e9s de recibir atenci\u00f3n m\u00e9dica en el lugar del accidente, fue trasladado al Hospital de Posadas, donde contin\u00faa recibiendo tratamiento.<\/p>\n\n\n\n<p>Las autoridades pertinentes han iniciado investigaciones para esclarecer las circunstancias exactas del accidente y determinar las posibles responsabilidades. Se espera que tanto la empresa Crucero del Norte como la propietaria del cami\u00f3n colaboren plenamente en el proceso investigativo.<\/p>\n\n\n\n<p>Fuente: Radio Sudamericana. <\/p>\n","protected":false},"excerpt":{"rendered":"<p>Este martes ocurri\u00f3 un siniestro vial en la Ruta Nacional 105, a la altura de la localidad de Santa In\u00e9s, Misiones. En las im\u00e1genes se puede visualizar cuando un cami\u00f3n embisti\u00f3 a un colectivo de larga distancia que hab\u00eda partido desde Paso de los Libres hacia Posadas. La empresa del bus es Crucero del Norte. [&hellip;]<\/p>\n","protected":false},"author":2,"featured_media":0,"comment_status":"closed","ping_status":"open","sticky":false,"template":"","format":"standard","meta":{"footnotes":""},"categories":[120],"tags":[42,116,122],"class_list":{"0":"post-10466","1":"post","2":"type-post","3":"status-publish","4":"format-standard","6":"category-policiales","7":"tag-featured","8":"tag-paso-de-los-libres","9":"tag-policiales"},"_links":{"self":[{"href":"https:\/\/zoomproducciones.com.ar\/zoomp\/wp-json\/wp\/v2\/posts\/10466","targetHints":{"allow":["GET"]}}],"collection":[{"href":"https:\/\/zoomproducciones.com.ar\/zoomp\/wp-json\/wp\/v2\/posts"}],"about":[{"href":"https:\/\/zoomproducciones.com.ar\/zoomp\/wp-json\/wp\/v2\/types\/post"}],"author":[{"embeddable":true,"href":"https:\/\/zoomproducciones.com.ar\/zoomp\/wp-json\/wp\/v2\/users\/2"}],"replies":[{"embeddable":true,"href":"https:\/\/zoomproducciones.com.ar\/zoomp\/wp-json\/wp\/v2\/comments?post=10466"}],"version-history":[{"count":1,"href":"https:\/\/zoomproducciones.com.ar\/zoomp\/wp-json\/wp\/v2\/posts\/10466\/revisions"}],"predecessor-version":[{"id":10468,"href":"https:\/\/zoomproducciones.com.ar\/zoomp\/wp-json\/wp\/v2\/posts\/10466\/revisions\/10468"}],"wp:attachment":[{"href":"https:\/\/zoomproducciones.com.ar\/zoomp\/wp-json\/wp\/v2\/media?parent=10466"}],"wp:term":[{"taxonomy":"category","embeddable":true,"href":"https:\/\/zoomproducciones.com.ar\/zoomp\/wp-json\/wp\/v2\/categories?post=10466"},{"taxonomy":"post_tag","embeddable":true,"href":"https:\/\/zoomproducciones.com.ar\/zoomp\/wp-json\/wp\/v2\/tags?post=10466"}],"curies":[{"name":"wp","href":"https:\/\/api.w.org\/{rel}","templated":true}]}}