{"id":10449,"date":"2023-10-04T08:56:54","date_gmt":"2023-10-04T11:56:54","guid":{"rendered":"http:\/\/zoomproducciones.com.ar\/zoomp\/?p=10449"},"modified":"2023-10-04T09:27:32","modified_gmt":"2023-10-04T12:27:32","slug":"volco-un-colectivo-con-estudiantes-librenos-que-venian-de-bariloche","status":"publish","type":"post","link":"https:\/\/zoomproducciones.com.ar\/zoomp\/volco-un-colectivo-con-estudiantes-librenos-que-venian-de-bariloche\/","title":{"rendered":"Volc\u00f3 un colectivo con estudiantes libre\u00f1os que ven\u00edan de Bariloche"},"content":{"rendered":"\n<p>Un colectivo de la empresa Flecha Bus volc\u00f3\u00a0en la autov\u00eda Gervasio Artigas kil\u00f3metro 14\/160, a la altura de Col\u00f3n, Entre R\u00edos. En el veh\u00edculo de larga distancia, iban estudiantes libre\u00f1os que hab\u00edan viajado a Bariloche, entre alumnos del Colegio San Jos\u00e9 y Escuela Verde. <\/p>\n\n\n\n<p>La delegaci\u00f3n hab\u00eda salido este martes desde Ezeiza, en donde emprendi\u00f3 su viaje hasta Paso de los Libres, y por la noche, pasadas las 20 horas, sucedi\u00f3 el accidente. <\/p>\n\n\n\n<p>Hay personas lastimadas, entre ellos alumnos y acompa\u00f1antes del Colegio San Jos\u00e9.<\/p>\n\n\n\n<p>Seg\u00fan informaci\u00f3n oficial de Bomberos de la localidad de San Jos\u00e9, al menos diez chicos fueron trasladados al Hospital de Col\u00f3n por heridas tras el accidente.<\/p>\n\n\n\n<p>Dos j\u00f3venes presentaron fracturas, uno de ellos de cadera y otro del hombro. Se tratar\u00eda de los dos casos m\u00e1s graves del accidente.<\/p>\n\n\n\n<p>Los 21 pasajeros restantes, entre alumnos, acompa\u00f1antes y la empresa, se encuentran en el cuartel de Bomberos en donde los est\u00e1n evaluando constantemente.<\/p>\n\n\n\n<p>Seg\u00fan la jefatura de la localidad de San Jos\u00e9 (Col\u00f3n, Entre R\u00edos) el accidente se habr\u00eda producido a la altura del kil\u00f3metro 149 por fallas mec\u00e1nicas, precisamente una traba en la direcci\u00f3n.<\/p>\n","protected":false},"excerpt":{"rendered":"<p>Un colectivo de la empresa Flecha Bus volc\u00f3\u00a0en la autov\u00eda Gervasio Artigas kil\u00f3metro 14\/160, a la altura de Col\u00f3n, Entre R\u00edos. En el veh\u00edculo de larga distancia, iban estudiantes libre\u00f1os que hab\u00edan viajado a Bariloche, entre alumnos del Colegio San Jos\u00e9 y Escuela Verde. La delegaci\u00f3n hab\u00eda salido este martes desde Ezeiza, en donde emprendi\u00f3 [&hellip;]<\/p>\n","protected":false},"author":2,"featured_media":0,"comment_status":"closed","ping_status":"open","sticky":false,"template":"","format":"standard","meta":{"footnotes":""},"categories":[5],"tags":[42],"class_list":{"0":"post-10449","1":"post","2":"type-post","3":"status-publish","4":"format-standard","6":"category-locales","7":"tag-featured"},"_links":{"self":[{"href":"https:\/\/zoomproducciones.com.ar\/zoomp\/wp-json\/wp\/v2\/posts\/10449","targetHints":{"allow":["GET"]}}],"collection":[{"href":"https:\/\/zoomproducciones.com.ar\/zoomp\/wp-json\/wp\/v2\/posts"}],"about":[{"href":"https:\/\/zoomproducciones.com.ar\/zoomp\/wp-json\/wp\/v2\/types\/post"}],"author":[{"embeddable":true,"href":"https:\/\/zoomproducciones.com.ar\/zoomp\/wp-json\/wp\/v2\/users\/2"}],"replies":[{"embeddable":true,"href":"https:\/\/zoomproducciones.com.ar\/zoomp\/wp-json\/wp\/v2\/comments?post=10449"}],"version-history":[{"count":5,"href":"https:\/\/zoomproducciones.com.ar\/zoomp\/wp-json\/wp\/v2\/posts\/10449\/revisions"}],"predecessor-version":[{"id":10457,"href":"https:\/\/zoomproducciones.com.ar\/zoomp\/wp-json\/wp\/v2\/posts\/10449\/revisions\/10457"}],"wp:attachment":[{"href":"https:\/\/zoomproducciones.com.ar\/zoomp\/wp-json\/wp\/v2\/media?parent=10449"}],"wp:term":[{"taxonomy":"category","embeddable":true,"href":"https:\/\/zoomproducciones.com.ar\/zoomp\/wp-json\/wp\/v2\/categories?post=10449"},{"taxonomy":"post_tag","embeddable":true,"href":"https:\/\/zoomproducciones.com.ar\/zoomp\/wp-json\/wp\/v2\/tags?post=10449"}],"curies":[{"name":"wp","href":"https:\/\/api.w.org\/{rel}","templated":true}]}}