{"id":10433,"date":"2023-10-03T18:41:30","date_gmt":"2023-10-03T21:41:30","guid":{"rendered":"http:\/\/zoomproducciones.com.ar\/zoomp\/?p=10433"},"modified":"2023-10-03T19:08:49","modified_gmt":"2023-10-03T22:08:49","slug":"en-campanana-los-candidatos-de-vamos-corrientes-continuaron-con-sus-recorridos","status":"publish","type":"post","link":"https:\/\/zoomproducciones.com.ar\/zoomp\/en-campanana-los-candidatos-de-vamos-corrientes-continuaron-con-sus-recorridos\/","title":{"rendered":"En Libres, Vamos Corrientes intensific\u00f3 sus recorridos de campa\u00f1a"},"content":{"rendered":"\n<p>En una tarea reforzada por la presencia de los candidatos a concejales, Ricardo Barboza y Adriana Faraldo, dirigentes de Vamos Corrientes en Paso de los Libres, intensificaron sus acciones abarcando visitas a la zona rural y brindando capacitaciones para decenas de personas.<\/p>\n\n\n\n<p>El jueves pasado, por la ma\u00f1ana, asistieron a una actividad de INDECOR donde se entregaron herramientas y semillas para la huerta de la Escuela \u201cPresidente Ra\u00fal Alfons\u00edn\u201d y para vecinos de Quinta Secci\u00f3n \u201cPalmar\u201d. En esta zona zona acompa\u00f1aron el Taller de Elaboraci\u00f3n de Comidas Saludables.<br><br>Por otra parte, en el recorrido realizado el viernes por Quinta Secci\u00f3n \u201cOmbucito\u201d, dirigentes y candidatos del faraldismo estuvieron en la Escuela N\u00b0558 \u201cJoaqu\u00edn Madariaga\u201d, donde llevaron los premios para el bingo que realizaron ese d\u00eda. Tambi\u00e9n, aportaron 170 bolsitas con golosinas para los chicos en su festejo del D\u00eda del Estudiante.<\/p>\n\n\n\n<p><\/p>\n\n\n<div class=\"wp-block-image\">\n<figure class=\"aligncenter size-large is-resized\"><a href=\"http:\/\/zoomproducciones.com.ar\/zoomp\/wp-content\/uploads\/2023\/10\/IMG-20231003-WA0022.jpg\"><img loading=\"lazy\" decoding=\"async\" src=\"http:\/\/zoomproducciones.com.ar\/zoomp\/wp-content\/uploads\/2023\/10\/IMG-20231003-WA0022-859x1024.jpg\" alt=\"\" class=\"wp-image-10437\" style=\"width:349px;height:413px\" width=\"349\" height=\"413\"\/><\/a><\/figure>\n<\/div>\n\n\n<p><\/p>\n\n\n\n<p>Asimismo, el s\u00e1bado se llev\u00f3 adelante un Taller de Maquillaje en la sede de Vamos Corrientes, en calle Madariaga al 900, el cual cont\u00f3 con una muy importante cantidad de participantes en funci\u00f3n de su gran salida laboral.<\/p>\n\n\n\n<p>Con el uso de herramientas espec\u00edficas y con la realizaci\u00f3n de pr\u00e1cticas, la profesora Nadia Acosta dict\u00f3 el taller y al final todos los capacitados recibieron sus respectivos certificados de manos de dirigentes locales y de la candidata a Diputada Nacional Gabriela Gauna.<\/p>\n\n\n\n<p><\/p>\n\n\n<div class=\"wp-block-image\">\n<figure class=\"aligncenter size-large is-resized\"><a href=\"http:\/\/zoomproducciones.com.ar\/zoomp\/wp-content\/uploads\/2023\/10\/IMG-20231003-WA0020.jpg\"><img loading=\"lazy\" decoding=\"async\" src=\"http:\/\/zoomproducciones.com.ar\/zoomp\/wp-content\/uploads\/2023\/10\/IMG-20231003-WA0020-1024x652.jpg\" alt=\"\" class=\"wp-image-10436\" style=\"width:352px;height:225px\" width=\"352\" height=\"225\"\/><\/a><\/figure>\n<\/div>\n\n\n<p><\/p>\n\n\n\n<p>Para cerrar la semana, los candidatos a Concejales participaron del encuentro tradicionalista en el predio de la Rural d\u00f3nde tomaron contacto con los presentes y visitaron los puestos gastron\u00f3micos del lugar.<\/p>\n\n\n\n<p><\/p>\n\n\n<div class=\"wp-block-image\">\n<figure class=\"aligncenter size-large is-resized\"><a href=\"http:\/\/zoomproducciones.com.ar\/zoomp\/wp-content\/uploads\/2023\/10\/IMG-20231003-WA0019.jpg\"><img loading=\"lazy\" decoding=\"async\" src=\"http:\/\/zoomproducciones.com.ar\/zoomp\/wp-content\/uploads\/2023\/10\/IMG-20231003-WA0019-1024x682.jpg\" alt=\"\" class=\"wp-image-10435\" style=\"width:353px;height:235px\" width=\"353\" height=\"235\"\/><\/a><\/figure>\n<\/div>\n\n\n<p><\/p>\n\n\n\n<p>Las acciones proselitistas de Vamos Corrientes continuar\u00e1n en el camino a las urnas, apuntando no solamente a consagrar a sus aspirantes al Concejo Deliberante local, sino tambi\u00e9n a los candidatos a diputados nacionales de ECO+Vamos Corrientes y a Patricia Bullrich, de Juntos por el Cambio (JxC) a la Presidencia de la Naci\u00f3n.<\/p>\n\n\n\n<p><\/p>\n","protected":false},"excerpt":{"rendered":"<p>En una tarea reforzada por la presencia de los candidatos a concejales, Ricardo Barboza y Adriana Faraldo, dirigentes de Vamos Corrientes en Paso de los Libres, intensificaron sus acciones abarcando visitas a la zona rural y brindando capacitaciones para decenas de personas. El jueves pasado, por la ma\u00f1ana, asistieron a una actividad de INDECOR donde [&hellip;]<\/p>\n","protected":false},"author":2,"featured_media":0,"comment_status":"closed","ping_status":"open","sticky":false,"template":"","format":"standard","meta":{"footnotes":""},"categories":[5],"tags":[42],"class_list":{"0":"post-10433","1":"post","2":"type-post","3":"status-publish","4":"format-standard","6":"category-locales","7":"tag-featured"},"_links":{"self":[{"href":"https:\/\/zoomproducciones.com.ar\/zoomp\/wp-json\/wp\/v2\/posts\/10433","targetHints":{"allow":["GET"]}}],"collection":[{"href":"https:\/\/zoomproducciones.com.ar\/zoomp\/wp-json\/wp\/v2\/posts"}],"about":[{"href":"https:\/\/zoomproducciones.com.ar\/zoomp\/wp-json\/wp\/v2\/types\/post"}],"author":[{"embeddable":true,"href":"https:\/\/zoomproducciones.com.ar\/zoomp\/wp-json\/wp\/v2\/users\/2"}],"replies":[{"embeddable":true,"href":"https:\/\/zoomproducciones.com.ar\/zoomp\/wp-json\/wp\/v2\/comments?post=10433"}],"version-history":[{"count":4,"href":"https:\/\/zoomproducciones.com.ar\/zoomp\/wp-json\/wp\/v2\/posts\/10433\/revisions"}],"predecessor-version":[{"id":10446,"href":"https:\/\/zoomproducciones.com.ar\/zoomp\/wp-json\/wp\/v2\/posts\/10433\/revisions\/10446"}],"wp:attachment":[{"href":"https:\/\/zoomproducciones.com.ar\/zoomp\/wp-json\/wp\/v2\/media?parent=10433"}],"wp:term":[{"taxonomy":"category","embeddable":true,"href":"https:\/\/zoomproducciones.com.ar\/zoomp\/wp-json\/wp\/v2\/categories?post=10433"},{"taxonomy":"post_tag","embeddable":true,"href":"https:\/\/zoomproducciones.com.ar\/zoomp\/wp-json\/wp\/v2\/tags?post=10433"}],"curies":[{"name":"wp","href":"https:\/\/api.w.org\/{rel}","templated":true}]}}