{"id":10430,"date":"2023-10-03T10:47:13","date_gmt":"2023-10-03T13:47:13","guid":{"rendered":"http:\/\/zoomproducciones.com.ar\/zoomp\/?p=10430"},"modified":"2023-10-03T10:47:13","modified_gmt":"2023-10-03T13:47:13","slug":"fernando-nunez-yo-siento-mucho-orgullo-por-representar-al-movimiento-de-integracion-y-desarrollo","status":"publish","type":"post","link":"https:\/\/zoomproducciones.com.ar\/zoomp\/fernando-nunez-yo-siento-mucho-orgullo-por-representar-al-movimiento-de-integracion-y-desarrollo\/","title":{"rendered":"Fernando N\u00fa\u00f1ez: \u00bbYo siento mucho orgullo por representar al Movimiento de Integraci\u00f3n y Desarrollo\u00bb"},"content":{"rendered":"\n<p>Fernando N\u00fa\u00f1ez, candidato a concejal por el MID (Movimiento de Integraci\u00f3n y Desarrollo) dentro de la alianza ECO + Juntos por el Cambio, visit\u00f3 Tire y Afloje y habl\u00f3 acerca de las elecciones que se llevar\u00e1n a cabo en la ciudad el pr\u00f3ximo 22 de octubre.<\/p>\n\n\n\n<p>\u00bbYo siento mucho orgullo por representar a mi partido, al Movimiento de Integraci\u00f3n y Desarrollo, por dos cuestiones: primero por ser un libre\u00f1o, libre\u00f1o como Frondizi, que fue el \u00fanico presidente correntino que tuvimos, y tambi\u00e9n fue fundador de mi partido\u00bb. <\/p>\n\n\n\n<p>\u00bbA m\u00ed me llena de orgullo porque de los 30 a\u00f1os que tengo no recuerdo que haya habido un candidato desarrollista en las listas, y la verdad que creo que es una alternativa y una idea pol\u00edtica que tenemos que plasmar, sobre todo en Paso de los Libres\u00bb. Fernando ocupa el cuarto lugar en la lista presentada por ECO para sus candidatos.<\/p>\n\n\n\n<h2 class=\"wp-block-heading\">Cr\u00edtica a Asc\u00faa<\/h2>\n\n\n\n<p>\u00bbNosotros creemos que hoy en d\u00eda el municipio no tiene una mirada complaciente con todos los sectores de la sociedad. Hay una mirada de un Paso de los Libres muy c\u00e9ntrico. Creo que el municipio est\u00e1 haciendo mucho foco en lo que es calle Col\u00f3n y Plaza Independencia, y se est\u00e1 olvidando del resto\u00bb.<\/p>\n\n\n\n<p>\u00bbHay muchos reclamos y cada vez m\u00e1s frecuentes y m\u00e1s puntuales de la poblaci\u00f3n, sobre todo en la zona de barrios, con iluminaci\u00f3n, recolecci\u00f3n de residuos, inmersi\u00f3n p\u00fablica en espacios p\u00fablicos, y ni hablar de lo que es el transporte urbano\u00bb.<\/p>\n\n\n\n<p>\u00bbHay poblaci\u00f3n que tiene que hacer 5 o 6 cuadras en calle de tierra, imaginen los d\u00edas de lluvia, para tomar un colectivo\u00bb.<\/p>\n\n\n\n<p>\u00bbSon temas que desde el legislativo, el concejo deliberante se pueden plantear&#8230; Y obviamente tambi\u00e9n generar una masa cr\u00edtica, sumar concejales para apuntar a un gobierno en el 2025 donde claramente no nos condicionen las votaciones para tener un gobierno que gobierne\u00bb.<\/p>\n\n\n\n<h2 class=\"wp-block-heading\">Apoyo a Bullrich<\/h2>\n\n\n\n<p>\u00bbNosotros somos parte del equipo de Patricia Bullrich, porque defendemos los mismos valores que defiende Patricia Bullrich y entendemos que la alternativa de gobierno viene por ah\u00ed, nosotros entendemos que es la que mejor resultado nos va a dar en un apoyo a nuestra provincia, que va a dejar de discriminar a nuestra provincia en cuanto a asignaci\u00f3n de fondos\u00bb opin\u00f3. <\/p>\n\n\n\n<p>\u00bbVamos a estar equilibrados con nuestras provincias vecinas que venimos bastante desparezcos en cuanto a lo que es recursos para Chaco, Entre R\u00edos, Misiones\u00bb.<\/p>\n\n\n\n<h2 class=\"wp-block-heading\">\u00bfHay internas en la alianza?<\/h2>\n\n\n\n<p>\u00bbLa verdad que hoy en d\u00eda estamos unidos, hacemos campa\u00f1a juntos, no hay fracturas como muchas veces nos quieren vender. S\u00ed, obviamente tenemos opiniones distintas, hay quienes son radicales, hay quienes son m\u00e1s peronistas, yo por ejemplo tengo una cr\u00edtica desarrollista de la ciudad, pero eso no nos impide trabajar juntos\u00bb.<\/p>\n\n\n\n<p>\u00bbNo es un limitante nuestro accionar pol\u00edtico, creemos y trabajamos por nuestro espacio y para Paso de los Libres, entonces eso es lo que a nosotros nos moviliza. Despu\u00e9s ya veremos en el 2025 c\u00f3mo se resuelven los liderazgos\u00bb.<\/p>\n\n\n\n<figure class=\"wp-block-embed is-type-video is-provider-youtube wp-block-embed-youtube wp-embed-aspect-16-9 wp-has-aspect-ratio\"><div class=\"wp-block-embed__wrapper\">\n<iframe loading=\"lazy\"  id=\"_ytid_29470\"  width=\"1000\" height=\"562\"  data-origwidth=\"1000\" data-origheight=\"562\" src=\"https:\/\/www.youtube.com\/embed\/TTdZoJTInuQ?enablejsapi=1&#038;autoplay=0&#038;cc_load_policy=0&#038;cc_lang_pref=&#038;iv_load_policy=1&#038;loop=0&#038;rel=1&#038;fs=1&#038;playsinline=0&#038;autohide=2&#038;theme=dark&#038;color=red&#038;controls=1&#038;disablekb=0&#038;\" class=\"__youtube_prefs__  epyt-is-override  no-lazyload\" title=\"YouTube player\"  allow=\"fullscreen; accelerometer; autoplay; clipboard-write; encrypted-media; gyroscope; picture-in-picture; web-share\" referrerpolicy=\"strict-origin-when-cross-origin\" allowfullscreen data-no-lazy=\"1\" data-skipgform_ajax_framebjll=\"\"><\/iframe>\n<\/div><\/figure>\n","protected":false},"excerpt":{"rendered":"<p>Fernando N\u00fa\u00f1ez, candidato a concejal por el MID (Movimiento de Integraci\u00f3n y Desarrollo) dentro de la alianza ECO + Juntos por el Cambio, visit\u00f3 Tire y Afloje y habl\u00f3 acerca de las elecciones que se llevar\u00e1n a cabo en la ciudad el pr\u00f3ximo 22 de octubre. \u00bbYo siento mucho orgullo por representar a mi partido, [&hellip;]<\/p>\n","protected":false},"author":2,"featured_media":0,"comment_status":"closed","ping_status":"open","sticky":false,"template":"","format":"standard","meta":{"footnotes":""},"categories":[5],"tags":[511,116],"class_list":{"0":"post-10430","1":"post","2":"type-post","3":"status-publish","4":"format-standard","6":"category-locales","7":"tag-bloque-2","8":"tag-paso-de-los-libres"},"_links":{"self":[{"href":"https:\/\/zoomproducciones.com.ar\/zoomp\/wp-json\/wp\/v2\/posts\/10430","targetHints":{"allow":["GET"]}}],"collection":[{"href":"https:\/\/zoomproducciones.com.ar\/zoomp\/wp-json\/wp\/v2\/posts"}],"about":[{"href":"https:\/\/zoomproducciones.com.ar\/zoomp\/wp-json\/wp\/v2\/types\/post"}],"author":[{"embeddable":true,"href":"https:\/\/zoomproducciones.com.ar\/zoomp\/wp-json\/wp\/v2\/users\/2"}],"replies":[{"embeddable":true,"href":"https:\/\/zoomproducciones.com.ar\/zoomp\/wp-json\/wp\/v2\/comments?post=10430"}],"version-history":[{"count":1,"href":"https:\/\/zoomproducciones.com.ar\/zoomp\/wp-json\/wp\/v2\/posts\/10430\/revisions"}],"predecessor-version":[{"id":10432,"href":"https:\/\/zoomproducciones.com.ar\/zoomp\/wp-json\/wp\/v2\/posts\/10430\/revisions\/10432"}],"wp:attachment":[{"href":"https:\/\/zoomproducciones.com.ar\/zoomp\/wp-json\/wp\/v2\/media?parent=10430"}],"wp:term":[{"taxonomy":"category","embeddable":true,"href":"https:\/\/zoomproducciones.com.ar\/zoomp\/wp-json\/wp\/v2\/categories?post=10430"},{"taxonomy":"post_tag","embeddable":true,"href":"https:\/\/zoomproducciones.com.ar\/zoomp\/wp-json\/wp\/v2\/tags?post=10430"}],"curies":[{"name":"wp","href":"https:\/\/api.w.org\/{rel}","templated":true}]}}