{"id":10427,"date":"2023-10-03T09:58:37","date_gmt":"2023-10-03T12:58:37","guid":{"rendered":"http:\/\/zoomproducciones.com.ar\/zoomp\/?p=10427"},"modified":"2023-10-03T09:58:38","modified_gmt":"2023-10-03T12:58:38","slug":"bullrich-cuestiono-a-milei-tiene-inestabilidad-emocional","status":"publish","type":"post","link":"https:\/\/zoomproducciones.com.ar\/zoomp\/bullrich-cuestiono-a-milei-tiene-inestabilidad-emocional\/","title":{"rendered":"Bullrich cuestion\u00f3 a Milei: \u00bbtiene inestabilidad emocional\u00bb"},"content":{"rendered":"\n<p>La candidata de Juntos por el Cambio gener\u00f3 un extenso posteo por la red X (antes Twitter), en donde asegur\u00f3 que<strong> \u201clos argentinos necesitan de los candidatos a presidente serenidad y templanza frente al futuro\u201d.<\/strong><\/p>\n\n\n\n<p>\u00bbHasta hace poco tiempo Javier Milei hablaba muy bien de m\u00ed. No s\u00e9 qu\u00e9 le pas\u00f3 que dej\u00f3 de hacerlo. Pero <strong>ac\u00e1 el problema no soy yo ni las mentiras y calumnias sobre m\u00ed<\/strong>\u00bb coment\u00f3.<\/p>\n\n\n\n<p>\u00bbMe preocupa que, <strong>con esa misma inestabilidad emocional que Milei tiene a la hora de emitir juicios<\/strong> y falsas acusaciones sobre otros, <strong>haya dise\u00f1ado su programa y sus propuestas<\/strong>\u00bb. <\/p>\n\n\n\n<p>\u00bbDe esa inestabilidad surgen proyectos que da\u00f1an a los argentinos o son lisa y llanamente insostenibles, como la dolarizaci\u00f3n, la libre portaci\u00f3n de armas o la privatizaci\u00f3n de la educaci\u00f3n p\u00fablica. De esa inestabilidad surge la idea de prometer reformas profundas sin poder pol\u00edtico, sin tener gobernadores ni legisladores\u00bb argument\u00f3.<\/p>\n\n\n\n<p>\u00bbEst\u00e1 claro que con m\u00e1s inestabilidad e incertidumbre los argentinos no salimos adelante\u00bb.<\/p>\n\n\n\n<p>Como conclusi\u00f3n, Bullrich sostuvo que \u201ccada vez es m\u00e1s clara la discusi\u00f3n\u00bb que se deba dar \u00abpor el futuro de nuestra Patria\u00bb, y sobre \u00abqui\u00e9n y c\u00f3mo ordena el caos en el que estamos\u201d.<\/p>\n\n\n\n<p>La candidata opositora complet\u00f3 su posteo con un video con un fragmento de un reportaje a Javier Milei, donde el candidato de ultraderecha asegura, entre otros conceptos, que&nbsp;<strong>Bullrich era \u201cuna montonera tira bombas<\/strong>, ha puesto bombas en jardines de infantes, era parte de una organizaci\u00f3n terrorista\u201d.<\/p>\n\n\n\n<p>Al respecto, Bullrich siempre reconoci\u00f3 haber pertenecido a la Juventud Peronista, pero neg\u00f3 su participaci\u00f3n en Montoneros.<\/p>\n","protected":false},"excerpt":{"rendered":"<p>La candidata de Juntos por el Cambio gener\u00f3 un extenso posteo por la red X (antes Twitter), en donde asegur\u00f3 que \u201clos argentinos necesitan de los candidatos a presidente serenidad y templanza frente al futuro\u201d. \u00bbHasta hace poco tiempo Javier Milei hablaba muy bien de m\u00ed. No s\u00e9 qu\u00e9 le pas\u00f3 que dej\u00f3 de hacerlo. [&hellip;]<\/p>\n","protected":false},"author":2,"featured_media":0,"comment_status":"closed","ping_status":"open","sticky":false,"template":"","format":"standard","meta":{"footnotes":""},"categories":[8],"tags":[118,511],"class_list":{"0":"post-10427","1":"post","2":"type-post","3":"status-publish","4":"format-standard","6":"category-nacionales","7":"tag-argentina","8":"tag-bloque-2"},"_links":{"self":[{"href":"https:\/\/zoomproducciones.com.ar\/zoomp\/wp-json\/wp\/v2\/posts\/10427","targetHints":{"allow":["GET"]}}],"collection":[{"href":"https:\/\/zoomproducciones.com.ar\/zoomp\/wp-json\/wp\/v2\/posts"}],"about":[{"href":"https:\/\/zoomproducciones.com.ar\/zoomp\/wp-json\/wp\/v2\/types\/post"}],"author":[{"embeddable":true,"href":"https:\/\/zoomproducciones.com.ar\/zoomp\/wp-json\/wp\/v2\/users\/2"}],"replies":[{"embeddable":true,"href":"https:\/\/zoomproducciones.com.ar\/zoomp\/wp-json\/wp\/v2\/comments?post=10427"}],"version-history":[{"count":1,"href":"https:\/\/zoomproducciones.com.ar\/zoomp\/wp-json\/wp\/v2\/posts\/10427\/revisions"}],"predecessor-version":[{"id":10429,"href":"https:\/\/zoomproducciones.com.ar\/zoomp\/wp-json\/wp\/v2\/posts\/10427\/revisions\/10429"}],"wp:attachment":[{"href":"https:\/\/zoomproducciones.com.ar\/zoomp\/wp-json\/wp\/v2\/media?parent=10427"}],"wp:term":[{"taxonomy":"category","embeddable":true,"href":"https:\/\/zoomproducciones.com.ar\/zoomp\/wp-json\/wp\/v2\/categories?post=10427"},{"taxonomy":"post_tag","embeddable":true,"href":"https:\/\/zoomproducciones.com.ar\/zoomp\/wp-json\/wp\/v2\/tags?post=10427"}],"curies":[{"name":"wp","href":"https:\/\/api.w.org\/{rel}","templated":true}]}}