{"id":10419,"date":"2023-10-03T09:11:29","date_gmt":"2023-10-03T12:11:29","guid":{"rendered":"http:\/\/zoomproducciones.com.ar\/zoomp\/?p=10419"},"modified":"2023-10-03T09:11:30","modified_gmt":"2023-10-03T12:11:30","slug":"acusaciones-cruzadas-valdes-aseguro-que-hubo-llamaditos-entre-massa-y-milei","status":"publish","type":"post","link":"https:\/\/zoomproducciones.com.ar\/zoomp\/acusaciones-cruzadas-valdes-aseguro-que-hubo-llamaditos-entre-massa-y-milei\/","title":{"rendered":"Acusaciones cruzadas: Vald\u00e9s asegur\u00f3 que hubo \u00bbllamaditos\u00bb entre Massa y Milei"},"content":{"rendered":"\n<p>Tras un acto de entrega de reconocimientos a docentes destacados de la provincia, Gustavo Vald\u00e9s habl\u00f3 con la prensa acerca del debate presidencial y asegur\u00f3 que le qued\u00f3 \u00bbun sabor a nada\u00bb.<\/p>\n\n\n\n<p>\u00ab<strong>Se not\u00f3 alguna complicidad entre Massa y Milei<\/strong>. No solamente entre candidatos, se tiraban preguntitas como \u00a0\u00abche pedile disculpas al Papa\u00bb, \u00a0cuando ya la injuria est\u00e1 causada\u00bb expres\u00f3 el mandatario, qui\u00e9n antes hab\u00eda asegurado un cruce de \u00bbllamadas\u00bb entre el representante de UxP y la Libertad Avanza.<\/p>\n\n\n\n<p>Recordemos que estas declaraciones estar\u00edan vinculadas a la acusaci\u00f3n que Javier Milei expres\u00f3 contra Vald\u00e9s y Morales. <\/p>\n\n\n\n<p>\u00abMinistro Massa, usted dijo que si es presidente va a hacer un gobierno de unidad nacional, \u00bfacaso usted va a sumar a los de Juntos por el Cambio? Porque lo vi con Morales y Vald\u00e9s\u00bb, dijo en referencia al acto en donde los mandatarios participaron junto al Ministro de Econom\u00eda.\u00a0<\/p>\n\n\n\n<p>Por otro lado, Vald\u00e9s volvi\u00f3 a apoyar a Bullrich tras considerarla una candidata s\u00f3lida. \u201cPatricia Bullrich es una candidata que est\u00e1 preparada, que tiene respaldo, equipo y tiene la fortaleza para entrar en segunda vuelta\u201d, cerr\u00f3.\u00a0<\/p>\n","protected":false},"excerpt":{"rendered":"<p>Tras un acto de entrega de reconocimientos a docentes destacados de la provincia, Gustavo Vald\u00e9s habl\u00f3 con la prensa acerca del debate presidencial y asegur\u00f3 que le qued\u00f3 \u00bbun sabor a nada\u00bb. \u00abSe not\u00f3 alguna complicidad entre Massa y Milei. No solamente entre candidatos, se tiraban preguntitas como \u00a0\u00abche pedile disculpas al Papa\u00bb, \u00a0cuando ya [&hellip;]<\/p>\n","protected":false},"author":2,"featured_media":0,"comment_status":"closed","ping_status":"open","sticky":false,"template":"","format":"standard","meta":{"footnotes":""},"categories":[3],"tags":[511,125],"class_list":{"0":"post-10419","1":"post","2":"type-post","3":"status-publish","4":"format-standard","6":"category-provinciales","7":"tag-bloque-2","8":"tag-corrientes"},"_links":{"self":[{"href":"https:\/\/zoomproducciones.com.ar\/zoomp\/wp-json\/wp\/v2\/posts\/10419","targetHints":{"allow":["GET"]}}],"collection":[{"href":"https:\/\/zoomproducciones.com.ar\/zoomp\/wp-json\/wp\/v2\/posts"}],"about":[{"href":"https:\/\/zoomproducciones.com.ar\/zoomp\/wp-json\/wp\/v2\/types\/post"}],"author":[{"embeddable":true,"href":"https:\/\/zoomproducciones.com.ar\/zoomp\/wp-json\/wp\/v2\/users\/2"}],"replies":[{"embeddable":true,"href":"https:\/\/zoomproducciones.com.ar\/zoomp\/wp-json\/wp\/v2\/comments?post=10419"}],"version-history":[{"count":1,"href":"https:\/\/zoomproducciones.com.ar\/zoomp\/wp-json\/wp\/v2\/posts\/10419\/revisions"}],"predecessor-version":[{"id":10420,"href":"https:\/\/zoomproducciones.com.ar\/zoomp\/wp-json\/wp\/v2\/posts\/10419\/revisions\/10420"}],"wp:attachment":[{"href":"https:\/\/zoomproducciones.com.ar\/zoomp\/wp-json\/wp\/v2\/media?parent=10419"}],"wp:term":[{"taxonomy":"category","embeddable":true,"href":"https:\/\/zoomproducciones.com.ar\/zoomp\/wp-json\/wp\/v2\/categories?post=10419"},{"taxonomy":"post_tag","embeddable":true,"href":"https:\/\/zoomproducciones.com.ar\/zoomp\/wp-json\/wp\/v2\/tags?post=10419"}],"curies":[{"name":"wp","href":"https:\/\/api.w.org\/{rel}","templated":true}]}}