{"id":10415,"date":"2023-10-03T08:57:28","date_gmt":"2023-10-03T11:57:28","guid":{"rendered":"http:\/\/zoomproducciones.com.ar\/zoomp\/?p=10415"},"modified":"2023-10-03T08:59:07","modified_gmt":"2023-10-03T11:59:07","slug":"dictadura-en-corrientes-pidieron-penas-de-hasta-25-anos-para-nueve-represores","status":"publish","type":"post","link":"https:\/\/zoomproducciones.com.ar\/zoomp\/dictadura-en-corrientes-pidieron-penas-de-hasta-25-anos-para-nueve-represores\/","title":{"rendered":"Corrientes: pidieron penas de hasta 25 a\u00f1os para nueve represores en la Dictadura"},"content":{"rendered":"\n<p>El Ministerio P\u00fablico Fiscal y la querella de la Secretar\u00eda de Derechos Humanos de la Naci\u00f3n reclamaron este lunes, en el juicio al comando de la VII Brigada,&nbsp;<strong>penas que van de 4 a 25 a\u00f1os de prisi\u00f3n para nueve represores<\/strong>&nbsp;acusados de cometer delitos de lesa humanidad durante la \u00faltima dictadura militar en Corrientes.<\/p>\n\n\n\n<p>Los <strong>cr\u00edmenes cometidos por parte de estos&nbsp;exintegrantes del Ej\u00e9rcito y de la Gendarmer\u00eda Nacional<\/strong> fueron <strong>contra 104 v\u00edctimas (de las cuales ocho permanecen desaparecidas<\/strong>) <strong>en centros clandestinos de detenci\u00f3n de la provincia.<\/strong> <\/p>\n\n\n\n<p>Solicitaron <strong>25 a\u00f1os<\/strong> de prisi\u00f3n para el comandante principal de Gendarmer\u00eda<strong> Ra\u00fal Reynoso<\/strong>, el general de brigada del Ej\u00e9rcito <strong>Eduardo Antonio Cardoso<\/strong>, el capit\u00e1n del Ej\u00e9rcito <strong>Juan Carlos De Marchi y los coroneles Ra\u00fal Harsich y Horacio Losito.<\/strong><\/p>\n\n\n\n<p>Tambi\u00e9n se reclamaron<strong> 15 a\u00f1os de prisi\u00f3n<\/strong> para el coronel del<strong> Ej\u00e9rcito Abelardo De la Vega; 12 a\u00f1os<\/strong> para el sargento ayudante de Gendarmer\u00eda <strong>Pedro Armando Alarc\u00f3n; 10 a\u00f1os<\/strong> para el teniente coronel del <strong>Ej\u00e9rcito Alfredo Farmache<\/strong> y <strong>4 a\u00f1os<\/strong> para el comandante principal de<strong> Gendarmer\u00eda Abelardo Palma.<\/strong><\/p>\n\n\n\n<p>Asimismo, el fiscal Ferrini&nbsp;<strong>pidi\u00f3 al TOF correntino tres medidas de reparaci\u00f3n.<\/strong><\/p>\n\n\n\n<ul class=\"wp-block-list\">\n<li>En primer lugar, formul\u00f3 la solicitud formal a la Universidad Nacional del Nordeste (UNNE) y la Universidad Tecnol\u00f3gica Nacional (UTN) para que rectifique y&nbsp;<strong>entregue a sus familiares los legajos de docentes y estudiantes que fueron v\u00edctimas de los delitos investigados en este juicio.<\/strong><\/li>\n<\/ul>\n\n\n\n<ul class=\"wp-block-list\">\n<li>Luego, solicit\u00f3 que toda la documental de la causa, una vez que llegue a instancia de sentencia firme, sea entregada al Espacio de Memoria del&nbsp;<strong>ex Regimiento de Infanter\u00eda 9 de Corrientes, donde funcion\u00f3 un centro clandestino.<\/strong><\/li>\n<\/ul>\n\n\n\n<ul class=\"wp-block-list\">\n<li>En tercer t\u00e9rmino, pidi\u00f3 que se exhorte a medios de prensa, cementerios y municipios de la zona a que brinden informaci\u00f3n sobre la aparici\u00f3n en&nbsp;<strong>el r\u00edo Paran\u00e1, en febrero de 1977, de dos cuerpos atados con alambre a piedras.<\/strong><\/li>\n<\/ul>\n\n\n\n<p>Ese dato hab\u00eda sido aportado&nbsp;<strong>por el sobreviviente Miguel Busso<\/strong>, que testific\u00f3 en este juicio el 23 de agosto pasado.<\/p>\n\n\n\n<p>El Tribunal de los jueces Ferm\u00edn Ceroleni, Eduardo Belforte y Juan Manuel Iglesias dispuso que las respuestas de las defensas sean pronunciadas a partir de este mi\u00e9rcoles, previendo para esa instancia las audiencias del jueves y el viernes venidero.<\/p>\n\n\n\n<p>En tanto se estableci\u00f3 que&nbsp;<strong>la sentencia ser\u00e1 dictada el 18 de octubre pr\u00f3ximo<\/strong><\/p>\n","protected":false},"excerpt":{"rendered":"<p>El Ministerio P\u00fablico Fiscal y la querella de la Secretar\u00eda de Derechos Humanos de la Naci\u00f3n reclamaron este lunes, en el juicio al comando de la VII Brigada,&nbsp;penas que van de 4 a 25 a\u00f1os de prisi\u00f3n para nueve represores&nbsp;acusados de cometer delitos de lesa humanidad durante la \u00faltima dictadura militar en Corrientes. Los cr\u00edmenes [&hellip;]<\/p>\n","protected":false},"author":2,"featured_media":0,"comment_status":"closed","ping_status":"open","sticky":false,"template":"","format":"standard","meta":{"footnotes":""},"categories":[3],"tags":[118,511,125],"class_list":{"0":"post-10415","1":"post","2":"type-post","3":"status-publish","4":"format-standard","6":"category-provinciales","7":"tag-argentina","8":"tag-bloque-2","9":"tag-corrientes"},"_links":{"self":[{"href":"https:\/\/zoomproducciones.com.ar\/zoomp\/wp-json\/wp\/v2\/posts\/10415","targetHints":{"allow":["GET"]}}],"collection":[{"href":"https:\/\/zoomproducciones.com.ar\/zoomp\/wp-json\/wp\/v2\/posts"}],"about":[{"href":"https:\/\/zoomproducciones.com.ar\/zoomp\/wp-json\/wp\/v2\/types\/post"}],"author":[{"embeddable":true,"href":"https:\/\/zoomproducciones.com.ar\/zoomp\/wp-json\/wp\/v2\/users\/2"}],"replies":[{"embeddable":true,"href":"https:\/\/zoomproducciones.com.ar\/zoomp\/wp-json\/wp\/v2\/comments?post=10415"}],"version-history":[{"count":2,"href":"https:\/\/zoomproducciones.com.ar\/zoomp\/wp-json\/wp\/v2\/posts\/10415\/revisions"}],"predecessor-version":[{"id":10418,"href":"https:\/\/zoomproducciones.com.ar\/zoomp\/wp-json\/wp\/v2\/posts\/10415\/revisions\/10418"}],"wp:attachment":[{"href":"https:\/\/zoomproducciones.com.ar\/zoomp\/wp-json\/wp\/v2\/media?parent=10415"}],"wp:term":[{"taxonomy":"category","embeddable":true,"href":"https:\/\/zoomproducciones.com.ar\/zoomp\/wp-json\/wp\/v2\/categories?post=10415"},{"taxonomy":"post_tag","embeddable":true,"href":"https:\/\/zoomproducciones.com.ar\/zoomp\/wp-json\/wp\/v2\/tags?post=10415"}],"curies":[{"name":"wp","href":"https:\/\/api.w.org\/{rel}","templated":true}]}}