{"id":10408,"date":"2023-10-03T08:47:08","date_gmt":"2023-10-03T11:47:08","guid":{"rendered":"http:\/\/zoomproducciones.com.ar\/zoomp\/?p=10408"},"modified":"2023-10-03T08:50:54","modified_gmt":"2023-10-03T11:50:54","slug":"alerta-naranja-en-paso-de-los-libres-por-fuertes-tormentas","status":"publish","type":"post","link":"https:\/\/zoomproducciones.com.ar\/zoomp\/alerta-naranja-en-paso-de-los-libres-por-fuertes-tormentas\/","title":{"rendered":"Alerta naranja en Paso de los Libres por fuertes tormentas"},"content":{"rendered":"\n<p>El Servicio Meteorol\u00f3gico Nacional indic\u00f3 <strong>alerta naranja<\/strong> en Paso de los Libres, General Alvear, San Mart\u00edn y Santo Tom\u00e9. Por otro lado, se pronostic\u00f3 <strong>alerta amarilla <\/strong>en Capital, Ber\u00f3n de Astrada,  Empedrado, General Paz, Itat\u00ed, Mburucuy\u00e1, Saladas, San Cosme, San Luis del Palmar, Concepci\u00f3n, Curuz\u00fa Cuati\u00e1, Mercedes, San Roque y Sauce.<\/p>\n\n\n\n<hr class=\"wp-block-separator has-alpha-channel-opacity\"\/>\n\n\n\n<p>La temperatura m\u00ednima indicada para este martes es de 14\u00b0C y la m\u00e1xima llegar\u00eda a 29\u00b0C. La humedad es del 82% y los vientos llegan desde el noroeste. <\/p>\n\n\n\n<p>Las fuertes lluvias llegar\u00e1n para horas de la tarde y noche en Paso de los Libres, con \u00edndices de hasta 100% de probabilidad.<\/p>\n\n\n\n<figure class=\"wp-block-image size-full\"><a href=\"http:\/\/zoomproducciones.com.ar\/zoomp\/wp-content\/uploads\/2023\/10\/image-26.png\"><img decoding=\"async\" src=\"http:\/\/zoomproducciones.com.ar\/zoomp\/wp-content\/uploads\/2023\/10\/image-26.png\" alt=\"\" class=\"wp-image-10409\"\/><\/a><\/figure>\n\n\n\n<p>El alerta naranja establece que el \u00e1rea ser\u00e1 afectada por lluvias y tormentas de intensidad fuerte o severa. Las mismas pueden estar acompa\u00f1adas por r\u00e1fagas intensas, actividad el\u00e9ctrica fuerte, ca\u00edda de granizo y abundante ca\u00edda de agua en cortos per\u00edodos.<\/p>\n\n\n\n<p>Se esperan valores de precipitaci\u00f3n acumulada entre 20 y 50 mm, pudiendo ser superados de manera local.<\/p>\n\n\n\n<p><\/p>\n","protected":false},"excerpt":{"rendered":"<p>El Servicio Meteorol\u00f3gico Nacional indic\u00f3 alerta naranja en Paso de los Libres, General Alvear, San Mart\u00edn y Santo Tom\u00e9. Por otro lado, se pronostic\u00f3 alerta amarilla en Capital, Ber\u00f3n de Astrada, Empedrado, General Paz, Itat\u00ed, Mburucuy\u00e1, Saladas, San Cosme, San Luis del Palmar, Concepci\u00f3n, Curuz\u00fa Cuati\u00e1, Mercedes, San Roque y Sauce. La temperatura m\u00ednima indicada [&hellip;]<\/p>\n","protected":false},"author":2,"featured_media":0,"comment_status":"closed","ping_status":"open","sticky":false,"template":"","format":"standard","meta":{"footnotes":""},"categories":[5],"tags":[42,116],"class_list":{"0":"post-10408","1":"post","2":"type-post","3":"status-publish","4":"format-standard","6":"category-locales","7":"tag-featured","8":"tag-paso-de-los-libres"},"_links":{"self":[{"href":"https:\/\/zoomproducciones.com.ar\/zoomp\/wp-json\/wp\/v2\/posts\/10408","targetHints":{"allow":["GET"]}}],"collection":[{"href":"https:\/\/zoomproducciones.com.ar\/zoomp\/wp-json\/wp\/v2\/posts"}],"about":[{"href":"https:\/\/zoomproducciones.com.ar\/zoomp\/wp-json\/wp\/v2\/types\/post"}],"author":[{"embeddable":true,"href":"https:\/\/zoomproducciones.com.ar\/zoomp\/wp-json\/wp\/v2\/users\/2"}],"replies":[{"embeddable":true,"href":"https:\/\/zoomproducciones.com.ar\/zoomp\/wp-json\/wp\/v2\/comments?post=10408"}],"version-history":[{"count":5,"href":"https:\/\/zoomproducciones.com.ar\/zoomp\/wp-json\/wp\/v2\/posts\/10408\/revisions"}],"predecessor-version":[{"id":10414,"href":"https:\/\/zoomproducciones.com.ar\/zoomp\/wp-json\/wp\/v2\/posts\/10408\/revisions\/10414"}],"wp:attachment":[{"href":"https:\/\/zoomproducciones.com.ar\/zoomp\/wp-json\/wp\/v2\/media?parent=10408"}],"wp:term":[{"taxonomy":"category","embeddable":true,"href":"https:\/\/zoomproducciones.com.ar\/zoomp\/wp-json\/wp\/v2\/categories?post=10408"},{"taxonomy":"post_tag","embeddable":true,"href":"https:\/\/zoomproducciones.com.ar\/zoomp\/wp-json\/wp\/v2\/tags?post=10408"}],"curies":[{"name":"wp","href":"https:\/\/api.w.org\/{rel}","templated":true}]}}