{"id":10380,"date":"2023-10-02T07:24:52","date_gmt":"2023-10-02T10:24:52","guid":{"rendered":"http:\/\/zoomproducciones.com.ar\/zoomp\/?p=10380"},"modified":"2023-10-02T07:24:53","modified_gmt":"2023-10-02T10:24:53","slug":"massa-opino-acerca-de-insaurralde-tiene-que-renunciar-a-su-candidatura-en-lomas","status":"publish","type":"post","link":"https:\/\/zoomproducciones.com.ar\/zoomp\/massa-opino-acerca-de-insaurralde-tiene-que-renunciar-a-su-candidatura-en-lomas\/","title":{"rendered":"Massa opin\u00f3 acerca de Insaurralde: \u00bbtiene que renunciar a su candidatura en Lomas\u00bb"},"content":{"rendered":"\n<p>Al abandonar el Centro de Convenciones Forum, donde se desarroll\u00f3 el debate presidencial, Massa expres\u00f3 su opini\u00f3n sobre Insaurralde: \u00abCometi\u00f3 un grave error, renunci\u00f3 y tiene que renunciar a la candidatura tambi\u00e9n en Lomas\u00bb, donde se postula para concejal.<\/p>\n\n\n\n<p>El gobernador bonaerense,\u00a0Axel Kicillof, acept\u00f3 el s\u00e1bado por la noche la renuncia de Insaurralde como jefe de Gabinete bonaerense despu\u00e9s de que\u00a0se conociera p\u00fablicamente un viaje que el ahora ex funcionario hizo junto a la modelo\u00a0Sofia Clerici\u00a0a Marbella (Espa\u00f1a).<\/p>\n\n\n\n<p>\u00bbNo se trata de hacer \u00abmarketing de la honestidad\u00bb, en plena campa\u00f1a electoral. Para nosotros el gobierno es una herramienta para transformar la vida de los dem\u00e1s\u00bb expres\u00f3 el actual Gobernador de la Provincia de Buenos Aires.<\/p>\n\n\n\n<figure class=\"wp-block-image size-full\"><a href=\"http:\/\/zoomproducciones.com.ar\/zoomp\/wp-content\/uploads\/2023\/10\/image-21.png\"><img decoding=\"async\" src=\"http:\/\/zoomproducciones.com.ar\/zoomp\/wp-content\/uploads\/2023\/10\/image-21.png\" alt=\"\" class=\"wp-image-10381\"\/><\/a><\/figure>\n\n\n\n<p><strong>\u201cComo no quiero que se me utilice para afectar al espacio pol\u00edtico en el proceso electoral, present\u00e9 hoy mi renuncia al cargo de jefe de Gabinete de la Provincia\u201d<\/strong>, dice el breve texto enviado por su equipo de prensa para comunicar su dimisi\u00f3n.<\/p>\n\n\n\n<p><\/p>\n","protected":false},"excerpt":{"rendered":"<p>Al abandonar el Centro de Convenciones Forum, donde se desarroll\u00f3 el debate presidencial, Massa expres\u00f3 su opini\u00f3n sobre Insaurralde: \u00abCometi\u00f3 un grave error, renunci\u00f3 y tiene que renunciar a la candidatura tambi\u00e9n en Lomas\u00bb, donde se postula para concejal. El gobernador bonaerense,\u00a0Axel Kicillof, acept\u00f3 el s\u00e1bado por la noche la renuncia de Insaurralde como jefe [&hellip;]<\/p>\n","protected":false},"author":2,"featured_media":0,"comment_status":"closed","ping_status":"open","sticky":false,"template":"","format":"standard","meta":{"footnotes":""},"categories":[8],"tags":[118,511,119],"class_list":{"0":"post-10380","1":"post","2":"type-post","3":"status-publish","4":"format-standard","6":"category-nacionales","7":"tag-argentina","8":"tag-bloque-2","9":"tag-sergio-massa"},"_links":{"self":[{"href":"https:\/\/zoomproducciones.com.ar\/zoomp\/wp-json\/wp\/v2\/posts\/10380","targetHints":{"allow":["GET"]}}],"collection":[{"href":"https:\/\/zoomproducciones.com.ar\/zoomp\/wp-json\/wp\/v2\/posts"}],"about":[{"href":"https:\/\/zoomproducciones.com.ar\/zoomp\/wp-json\/wp\/v2\/types\/post"}],"author":[{"embeddable":true,"href":"https:\/\/zoomproducciones.com.ar\/zoomp\/wp-json\/wp\/v2\/users\/2"}],"replies":[{"embeddable":true,"href":"https:\/\/zoomproducciones.com.ar\/zoomp\/wp-json\/wp\/v2\/comments?post=10380"}],"version-history":[{"count":1,"href":"https:\/\/zoomproducciones.com.ar\/zoomp\/wp-json\/wp\/v2\/posts\/10380\/revisions"}],"predecessor-version":[{"id":10383,"href":"https:\/\/zoomproducciones.com.ar\/zoomp\/wp-json\/wp\/v2\/posts\/10380\/revisions\/10383"}],"wp:attachment":[{"href":"https:\/\/zoomproducciones.com.ar\/zoomp\/wp-json\/wp\/v2\/media?parent=10380"}],"wp:term":[{"taxonomy":"category","embeddable":true,"href":"https:\/\/zoomproducciones.com.ar\/zoomp\/wp-json\/wp\/v2\/categories?post=10380"},{"taxonomy":"post_tag","embeddable":true,"href":"https:\/\/zoomproducciones.com.ar\/zoomp\/wp-json\/wp\/v2\/tags?post=10380"}],"curies":[{"name":"wp","href":"https:\/\/api.w.org\/{rel}","templated":true}]}}