{"id":10376,"date":"2023-10-02T07:18:53","date_gmt":"2023-10-02T10:18:53","guid":{"rendered":"http:\/\/zoomproducciones.com.ar\/zoomp\/?p=10376"},"modified":"2023-10-02T08:29:33","modified_gmt":"2023-10-02T11:29:33","slug":"javier-milei-nombro-a-gustavo-valdes-en-la-pregunta-hacia-massa","status":"publish","type":"post","link":"https:\/\/zoomproducciones.com.ar\/zoomp\/javier-milei-nombro-a-gustavo-valdes-en-la-pregunta-hacia-massa\/","title":{"rendered":"Javier Milei nombr\u00f3 a Gustavo Vald\u00e9s en la pregunta hacia Massa"},"content":{"rendered":"\n<p>Durante una pregunta dirigida a Sergio Massa, Javier Milei nombr\u00f3 al gobernador de Corrientes y a Gerardo Morales como posibles integrantes del \u00bbGobierno de Unidad Nacional\u00bb que plante\u00f3 el candidato de Uni\u00f3n por la Patria.<\/p>\n\n\n\n<p>La semana pasada, el actual Ministro de Econom\u00eda comparti\u00f3 acto junto a varios gobernadores del norte, en donde dio un discurso de unidad entre los partidos. Tal idea fue nuevamente utilizada este domingo en el primer debate.<\/p>\n\n\n\n<figure class=\"wp-block-embed is-type-video is-provider-youtube wp-block-embed-youtube wp-embed-aspect-16-9 wp-has-aspect-ratio\"><div class=\"wp-block-embed__wrapper\">\n<iframe loading=\"lazy\"  id=\"_ytid_84331\"  width=\"1000\" height=\"562\"  data-origwidth=\"1000\" data-origheight=\"562\" src=\"https:\/\/www.youtube.com\/embed\/N2WjUjMrNYc?enablejsapi=1&#038;autoplay=0&#038;cc_load_policy=0&#038;cc_lang_pref=&#038;iv_load_policy=1&#038;loop=0&#038;rel=1&#038;fs=1&#038;playsinline=0&#038;autohide=2&#038;theme=dark&#038;color=red&#038;controls=1&#038;disablekb=0&#038;\" class=\"__youtube_prefs__  epyt-is-override  no-lazyload\" title=\"YouTube player\"  allow=\"fullscreen; accelerometer; autoplay; clipboard-write; encrypted-media; gyroscope; picture-in-picture; web-share\" referrerpolicy=\"strict-origin-when-cross-origin\" allowfullscreen data-no-lazy=\"1\" data-skipgform_ajax_framebjll=\"\"><\/iframe>\n<\/div><\/figure>\n\n\n\n<p>Milei, aprovechando la oportunidad para apuntar tanto a Massa como a Bullrich, pregunt\u00f3 en tono burl\u00f3n si aquella Unidad Nacional es tambi\u00e9n con integrantes de Juntos por el Cambio.<\/p>\n\n\n\n<p>Por su parte, Massa se\u00f1al\u00f3 que, en el caso de ser presidente,&nbsp;<em><strong>\u201cvamos a convocar a los mejores. No importa que vengan del radicalismo,del PRO o inclusive del partido de Javier Milei\u201d<\/strong><\/em>.<\/p>\n\n\n\n<p><\/p>\n","protected":false},"excerpt":{"rendered":"<p>Durante una pregunta dirigida a Sergio Massa, Javier Milei nombr\u00f3 al gobernador de Corrientes y a Gerardo Morales como posibles integrantes del \u00bbGobierno de Unidad Nacional\u00bb que plante\u00f3 el candidato de Uni\u00f3n por la Patria. La semana pasada, el actual Ministro de Econom\u00eda comparti\u00f3 acto junto a varios gobernadores del norte, en donde dio un [&hellip;]<\/p>\n","protected":false},"author":2,"featured_media":0,"comment_status":"closed","ping_status":"open","sticky":false,"template":"","format":"standard","meta":{"footnotes":""},"categories":[8],"tags":[118,42],"class_list":{"0":"post-10376","1":"post","2":"type-post","3":"status-publish","4":"format-standard","6":"category-nacionales","7":"tag-argentina","8":"tag-featured"},"_links":{"self":[{"href":"https:\/\/zoomproducciones.com.ar\/zoomp\/wp-json\/wp\/v2\/posts\/10376","targetHints":{"allow":["GET"]}}],"collection":[{"href":"https:\/\/zoomproducciones.com.ar\/zoomp\/wp-json\/wp\/v2\/posts"}],"about":[{"href":"https:\/\/zoomproducciones.com.ar\/zoomp\/wp-json\/wp\/v2\/types\/post"}],"author":[{"embeddable":true,"href":"https:\/\/zoomproducciones.com.ar\/zoomp\/wp-json\/wp\/v2\/users\/2"}],"replies":[{"embeddable":true,"href":"https:\/\/zoomproducciones.com.ar\/zoomp\/wp-json\/wp\/v2\/comments?post=10376"}],"version-history":[{"count":3,"href":"https:\/\/zoomproducciones.com.ar\/zoomp\/wp-json\/wp\/v2\/posts\/10376\/revisions"}],"predecessor-version":[{"id":10391,"href":"https:\/\/zoomproducciones.com.ar\/zoomp\/wp-json\/wp\/v2\/posts\/10376\/revisions\/10391"}],"wp:attachment":[{"href":"https:\/\/zoomproducciones.com.ar\/zoomp\/wp-json\/wp\/v2\/media?parent=10376"}],"wp:term":[{"taxonomy":"category","embeddable":true,"href":"https:\/\/zoomproducciones.com.ar\/zoomp\/wp-json\/wp\/v2\/categories?post=10376"},{"taxonomy":"post_tag","embeddable":true,"href":"https:\/\/zoomproducciones.com.ar\/zoomp\/wp-json\/wp\/v2\/tags?post=10376"}],"curies":[{"name":"wp","href":"https:\/\/api.w.org\/{rel}","templated":true}]}}