{"id":10353,"date":"2023-10-02T06:55:25","date_gmt":"2023-10-02T09:55:25","guid":{"rendered":"http:\/\/zoomproducciones.com.ar\/zoomp\/?p=10353"},"modified":"2023-10-02T06:55:25","modified_gmt":"2023-10-02T09:55:25","slug":"fuertes-replicas-en-el-primer-debate-presidencial-lee-el-resumen","status":"publish","type":"post","link":"https:\/\/zoomproducciones.com.ar\/zoomp\/fuertes-replicas-en-el-primer-debate-presidencial-lee-el-resumen\/","title":{"rendered":"Fuertes r\u00e9plicas en el primer debate presidencial: le\u00e9 el resumen"},"content":{"rendered":"\n<p>Sergio Massa, Patricia Bullrich, Javier Milei, Juan Schiaretti y Myriam Bregman presentaron sus principales propuestas sobre los tres ejes tem\u00e1ticos dispuestos por la C\u00e1mara Nacional Electoral: econom\u00eda, educaci\u00f3n y derechos humanos.\u00a0El mismo se organiz\u00f3 en la Universidad Nacional de Santiago del Estero.<\/p>\n\n\n\n<figure class=\"wp-block-embed is-type-video is-provider-youtube wp-block-embed-youtube wp-embed-aspect-16-9 wp-has-aspect-ratio\"><div class=\"wp-block-embed__wrapper\">\n<iframe loading=\"lazy\"  id=\"_ytid_54171\"  width=\"1000\" height=\"562\"  data-origwidth=\"1000\" data-origheight=\"562\" src=\"https:\/\/www.youtube.com\/embed\/6skH7W5uFG0?enablejsapi=1&#038;autoplay=0&#038;cc_load_policy=0&#038;cc_lang_pref=&#038;iv_load_policy=1&#038;loop=0&#038;rel=1&#038;fs=1&#038;playsinline=0&#038;autohide=2&#038;theme=dark&#038;color=red&#038;controls=1&#038;disablekb=0&#038;\" class=\"__youtube_prefs__  epyt-is-override  no-lazyload\" title=\"YouTube player\"  allow=\"fullscreen; accelerometer; autoplay; clipboard-write; encrypted-media; gyroscope; picture-in-picture; web-share\" referrerpolicy=\"strict-origin-when-cross-origin\" allowfullscreen data-no-lazy=\"1\" data-skipgform_ajax_framebjll=\"\"><\/iframe>\n<\/div><\/figure>\n\n\n\n<h2 class=\"wp-block-heading\">Massa: \u00bbAhora viene una etapa nueva: mi Gobierno\u00bb<\/h2>\n\n\n\n<p>En el primer tramo del debate, el candidato de Uni\u00f3n por la Patria aprovech\u00f3 la centralidad para remarcar que, desde su funci\u00f3n, se hizo \u00abcargo de la crisis cuando muchos se met\u00edan debajo de la cama\u00bb.<\/p>\n\n\n\n<p>\u00abAhora viene una etapa nueva: mi Gobierno, no este Gobierno; vamos a corregir errores y hacer los cambios que haya que hacer cueste lo que cueste\u00bb, dijo el dirigente peronista.<\/p>\n\n\n\n<p>Massa hab\u00eda pedido disculpas por \u00ablos errores de este Gobierno que lastimaron a la gente\u00bb y se comprometi\u00f3 a desarrollar una \u00abmoneda digital argentina\u00bb, a impulsar una ley de blanqueo y a modificar el sistema penal para establecer \u00abc\u00e1rcel a los evasores y a los que fugan\u00bb, entre otras medidas direccionadas al \u00abdesarrollo exportador\u00bb y a la reducci\u00f3n de impuestos para \u00abpymes y econom\u00edas regionales\u00bb.<\/p>\n\n\n\n<figure class=\"wp-block-image size-large\"><a href=\"http:\/\/zoomproducciones.com.ar\/zoomp\/wp-content\/uploads\/2023\/10\/image.png\"><img decoding=\"async\" src=\"http:\/\/zoomproducciones.com.ar\/zoomp\/wp-content\/uploads\/2023\/10\/image-1024x576.png\" alt=\"\" class=\"wp-image-10354\"\/><\/a><\/figure>\n\n\n\n<p>El candidato hizo hincapi\u00e9 en m\u00e1s de una oportunidad en que Argentina \u00abhered\u00f3 (del Gobierno de Mauricio Macri) un acuerdo criminal con el FMI, que es inflacionario\u00bb y advirti\u00f3 que reci\u00e9n cuatro meses atr\u00e1s pudieron establecerse modificaciones.<\/p>\n\n\n\n<p>Con todo, su presentaci\u00f3n estuvo apoyada principalmente en propuestas: anunci\u00f3 que envi\u00f3 al Congreso un proyecto de ley para subir de 6 a 8 puntos del PBI la inversi\u00f3n m\u00ednima en educaci\u00f3n, con objetivos como \u00abla construcci\u00f3n de 731 centros de desarrollo infantil y jardines de infantes; un plan de alfabetizaci\u00f3n de primer a tercer grado; a incorporaci\u00f3n de rob\u00f3tica, programaci\u00f3n e inteligencia artificial como materias en cuarto y quinto a\u00f1o y la duplicaci\u00f3n de escuelas t\u00e9cnicas\u00bb.<\/p>\n\n\n\n<p>Tambi\u00e9n propuso impulsar un \u00ab1,5 del PBI\u00bb para \u00abampliar la oferta universitaria\u00bb y un \u00abfondo\u00bb dentro de los 8 puntos educativos para el \u00abpresentismo\u00bb, de forma tal de garantizar a \u00ablos pibes y a los maestros\u00bb en las aulas.<\/p>\n\n\n\n<h2 class=\"wp-block-heading\">Milei con ataques hacia Massa y Bullrich<\/h2>\n\n\n\n<p>Con una renovada postura moderada, Milei apel\u00f3 a sus eslogans y promesas de campa\u00f1a: asegur\u00f3 que si llega a la Presidencia, los argentinos podr\u00e1n tener \u00aben 15 a\u00f1os los niveles de vida de Italia y Francia, en 20 a\u00f1os los de Alemania y en 25, los de Estados Unidos\u00bb.<\/p>\n\n\n\n<p>Por otro lado, consider\u00f3 \u00abchantas\u00bb a los asesores econ\u00f3micos de Bullrich, centr\u00f3 sus cr\u00edticas en la emisi\u00f3n monetaria, <strong>reedit\u00f3 su postura \u00abnegacionista\u00bb <\/strong>de la represi\u00f3n en Argentina, pidi\u00f3 perd\u00f3n por sus agravios al Papa Francisco y admiti\u00f3 que el dirigente Luis Barrionuevo tambi\u00e9n es parte de la \u00abcasta\u00bb sindical.<\/p>\n\n\n\n<figure class=\"wp-block-embed is-type-video is-provider-youtube wp-block-embed-youtube wp-embed-aspect-16-9 wp-has-aspect-ratio\"><div class=\"wp-block-embed__wrapper\">\n<iframe loading=\"lazy\"  id=\"_ytid_15125\"  width=\"1000\" height=\"562\"  data-origwidth=\"1000\" data-origheight=\"562\" src=\"https:\/\/www.youtube.com\/embed\/vTWy2lJWgHc?enablejsapi=1&#038;autoplay=0&#038;cc_load_policy=0&#038;cc_lang_pref=&#038;iv_load_policy=1&#038;loop=0&#038;rel=1&#038;fs=1&#038;playsinline=0&#038;autohide=2&#038;theme=dark&#038;color=red&#038;controls=1&#038;disablekb=0&#038;\" class=\"__youtube_prefs__  epyt-is-override  no-lazyload\" title=\"YouTube player\"  allow=\"fullscreen; accelerometer; autoplay; clipboard-write; encrypted-media; gyroscope; picture-in-picture; web-share\" referrerpolicy=\"strict-origin-when-cross-origin\" allowfullscreen data-no-lazy=\"1\" data-skipgform_ajax_framebjll=\"\"><\/iframe>\n<\/div><\/figure>\n\n\n\n<h2 class=\"wp-block-heading\">Myriam Bregman:<\/h2>\n\n\n\n<p>Bregman ratific\u00f3 las banderas hist\u00f3ricas de la izquierda y apunt\u00f3 dardos hacia los otros cuatro adversarios, pero eligi\u00f3 la mayor\u00eda de las pulseadas -en los tramos de \u00abderecho a r\u00e9plica\u00bb o en el segmento de preguntas individuales- con Milei, al que defini\u00f3 como <strong>\u00abun gatito mimoso del poder econ\u00f3mico\u00bb<\/strong> y con Bullrich, a quien cuestion\u00f3 por su <strong>\u00abpol\u00edtica de represi\u00f3n\u00bb,<\/strong> a la que hizo responsable de las muertes de Santiago Maldonado y Rafael Nahuel.<\/p>\n\n\n\n<figure class=\"wp-block-embed is-type-video is-provider-youtube wp-block-embed-youtube wp-embed-aspect-16-9 wp-has-aspect-ratio\"><div class=\"wp-block-embed__wrapper\">\n<iframe loading=\"lazy\"  id=\"_ytid_68213\"  width=\"1000\" height=\"562\"  data-origwidth=\"1000\" data-origheight=\"562\" src=\"https:\/\/www.youtube.com\/embed\/QlH8gLiejIo?enablejsapi=1&#038;autoplay=0&#038;cc_load_policy=0&#038;cc_lang_pref=&#038;iv_load_policy=1&#038;loop=0&#038;rel=1&#038;fs=1&#038;playsinline=0&#038;autohide=2&#038;theme=dark&#038;color=red&#038;controls=1&#038;disablekb=0&#038;\" class=\"__youtube_prefs__  epyt-is-override  no-lazyload\" title=\"YouTube player\"  allow=\"fullscreen; accelerometer; autoplay; clipboard-write; encrypted-media; gyroscope; picture-in-picture; web-share\" referrerpolicy=\"strict-origin-when-cross-origin\" allowfullscreen data-no-lazy=\"1\" data-skipgform_ajax_framebjll=\"\"><\/iframe>\n<\/div><\/figure>\n\n\n\n<h2 class=\"wp-block-heading\">Patricia Bullrich<\/h2>\n\n\n\n<p>Bullrich prometi\u00f3 el \u00abcambio\u00bb frente a una \u00abArgentina arrasada\u00bb, le pidi\u00f3 a Massa que se haga cargo del Presupuesto con d\u00e9ficit y discuti\u00f3 con Milei advirtiendo que los \u00fanicos tres pa\u00edses que no tienen un Banco Central son \u00abpara\u00edsos fiscales\u00bb.<\/p>\n\n\n\n<p>\u00abVoy a borrar del mapa la inflaci\u00f3n, con decisi\u00f3n pol\u00edtica, temperamento y el coraje para los cambios\u00bb, asegur\u00f3 y resalt\u00f3 la figura de su potencial ministro de Econom\u00eda, <strong>Carlos Melconian.<\/strong><\/p>\n\n\n\n<p>\u00abOrden econ\u00f3mico y equilibrio fiscal y el pa\u00eds arranca\u00bb, fue la acotada respuesta que Bullrich ensay\u00f3 cuando fue instada por Milei a explicar c\u00f3mo encausar\u00e1 los problemas econ\u00f3micos de la Argentina.<\/p>\n\n\n\n<p>Tambi\u00e9n, en el cap\u00edtulo del debate referido a los derechos humanos, Bullrich se compar\u00f3 con los expresidentes <strong>Nelson Mandela<\/strong> (Sud\u00e1frica) y<strong> Jos\u00e9 Mujica<\/strong> (Uruguay), cuando dijo que, al igual que ellos, fue <strong>\u00abparte de una organizaci\u00f3n juvenil\u00bb<\/strong>, en alusi\u00f3n a su participaci\u00f3n en la JP ligada a Montoneros.<\/p>\n\n\n\n<figure class=\"wp-block-embed is-type-video is-provider-youtube wp-block-embed-youtube wp-embed-aspect-16-9 wp-has-aspect-ratio\"><div class=\"wp-block-embed__wrapper\">\n<iframe loading=\"lazy\"  id=\"_ytid_23472\"  width=\"1000\" height=\"562\"  data-origwidth=\"1000\" data-origheight=\"562\" src=\"https:\/\/www.youtube.com\/embed\/hGoDp5DGvPc?enablejsapi=1&#038;autoplay=0&#038;cc_load_policy=0&#038;cc_lang_pref=&#038;iv_load_policy=1&#038;loop=0&#038;rel=1&#038;fs=1&#038;playsinline=0&#038;autohide=2&#038;theme=dark&#038;color=red&#038;controls=1&#038;disablekb=0&#038;\" class=\"__youtube_prefs__  epyt-is-override  no-lazyload\" title=\"YouTube player\"  allow=\"fullscreen; accelerometer; autoplay; clipboard-write; encrypted-media; gyroscope; picture-in-picture; web-share\" referrerpolicy=\"strict-origin-when-cross-origin\" allowfullscreen data-no-lazy=\"1\" data-skipgform_ajax_framebjll=\"\"><\/iframe>\n<\/div><\/figure>\n\n\n\n<p>Luego, reivindic\u00f3 por igual a los \u00abmuertos de la dictadura, tanto civiles como militares\u00bb, defendi\u00f3 a las fuerzas de seguridad y acus\u00f3 a piqueteros y a los sindicatos de ser responsables de que est\u00e9 \u00abrota la convivencia democr\u00e1tica\u00bb.<\/p>\n\n\n\n<h2 class=\"wp-block-heading\">Schiaretti<\/h2>\n\n\n\n<p>La exposici\u00f3n de Schiaretti estuvo permanentemente referenciada en su gesti\u00f3n al frente del Gobierno de C\u00f3rdoba y asegur\u00f3 ser capaz de implementar el mismo \u00abequilibrio fiscal\u00bb logrado en la provincia y resolver la inflaci\u00f3n. Su mensaje fue en contra la llamada \u00abgrieta\u00bb y en favor del federalismo.<\/p>\n\n\n\n<p>Cuestion\u00f3 por igual al Gobierno y a la anterior gesti\u00f3n de Cambiemos porque -dijo- ambos aumentaron la pobreza-, reclam\u00f3 mayor federalismo, propuso \u00abdesdoblar el tipo de cambio\u00bb y se quej\u00f3 de los \u00abimpuestos confiscatorios al interior\u00bb.<\/p>\n\n\n\n<p>Schiaretti esquiv\u00f3 tambi\u00e9n un gui\u00f1o de Bullrich, que lo invit\u00f3 a definirse como un aliado, y le record\u00f3 que Macri s\u00f3lo hab\u00eda cumplido el \u00ab20%\u00bb de lo que prometi\u00f3, aunque asegur\u00f3 que C\u00f3rdoba es una provincia que no dej\u00f3 \u00abcolonizarse\u00bb tampoco por el kirchnerismo.<\/p>\n\n\n\n<p>T\u00e9lam.<\/p>\n","protected":false},"excerpt":{"rendered":"<p>Sergio Massa, Patricia Bullrich, Javier Milei, Juan Schiaretti y Myriam Bregman presentaron sus principales propuestas sobre los tres ejes tem\u00e1ticos dispuestos por la C\u00e1mara Nacional Electoral: econom\u00eda, educaci\u00f3n y derechos humanos.\u00a0El mismo se organiz\u00f3 en la Universidad Nacional de Santiago del Estero. Massa: \u00bbAhora viene una etapa nueva: mi Gobierno\u00bb En el primer tramo del [&hellip;]<\/p>\n","protected":false},"author":2,"featured_media":0,"comment_status":"closed","ping_status":"open","sticky":false,"template":"","format":"standard","meta":{"footnotes":""},"categories":[5],"tags":[118,42],"class_list":{"0":"post-10353","1":"post","2":"type-post","3":"status-publish","4":"format-standard","6":"category-locales","7":"tag-argentina","8":"tag-featured"},"_links":{"self":[{"href":"https:\/\/zoomproducciones.com.ar\/zoomp\/wp-json\/wp\/v2\/posts\/10353","targetHints":{"allow":["GET"]}}],"collection":[{"href":"https:\/\/zoomproducciones.com.ar\/zoomp\/wp-json\/wp\/v2\/posts"}],"about":[{"href":"https:\/\/zoomproducciones.com.ar\/zoomp\/wp-json\/wp\/v2\/types\/post"}],"author":[{"embeddable":true,"href":"https:\/\/zoomproducciones.com.ar\/zoomp\/wp-json\/wp\/v2\/users\/2"}],"replies":[{"embeddable":true,"href":"https:\/\/zoomproducciones.com.ar\/zoomp\/wp-json\/wp\/v2\/comments?post=10353"}],"version-history":[{"count":1,"href":"https:\/\/zoomproducciones.com.ar\/zoomp\/wp-json\/wp\/v2\/posts\/10353\/revisions"}],"predecessor-version":[{"id":10356,"href":"https:\/\/zoomproducciones.com.ar\/zoomp\/wp-json\/wp\/v2\/posts\/10353\/revisions\/10356"}],"wp:attachment":[{"href":"https:\/\/zoomproducciones.com.ar\/zoomp\/wp-json\/wp\/v2\/media?parent=10353"}],"wp:term":[{"taxonomy":"category","embeddable":true,"href":"https:\/\/zoomproducciones.com.ar\/zoomp\/wp-json\/wp\/v2\/categories?post=10353"},{"taxonomy":"post_tag","embeddable":true,"href":"https:\/\/zoomproducciones.com.ar\/zoomp\/wp-json\/wp\/v2\/tags?post=10353"}],"curies":[{"name":"wp","href":"https:\/\/api.w.org\/{rel}","templated":true}]}}