{"id":10339,"date":"2023-09-29T09:36:55","date_gmt":"2023-09-29T12:36:55","guid":{"rendered":"http:\/\/zoomproducciones.com.ar\/zoomp\/?p=10339"},"modified":"2023-09-29T09:36:55","modified_gmt":"2023-09-29T12:36:55","slug":"milei-se-prepara-para-el-debate-presidencial-fuera-de-la-escena-publica","status":"publish","type":"post","link":"https:\/\/zoomproducciones.com.ar\/zoomp\/milei-se-prepara-para-el-debate-presidencial-fuera-de-la-escena-publica\/","title":{"rendered":"Milei se prepara para el debate presidencial fuera de la escena p\u00fablica"},"content":{"rendered":"\n<p>El diputado nacional y candidato presidencial de La libertad Avanza (LLA), Javier Milei, prepara su presentaci\u00f3n en el debate presidencial de este domingo junto a sus asesores econ\u00f3micos y\u00a0<strong>sin apariciones p\u00fablicas prevista<\/strong>s para el resto de esta semana.<\/p>\n\n\n\n<p>Su \u00faltima actividad proselitista p\u00fablica fue el lunes cuando encabez\u00f3 una caravana en el distrito bonaerense de San Mart\u00edn, junto a la candidata a gobernadora Carolina P\u00edparo, donde\u00a0<strong>volvi\u00f3 a a exhibir una motosierra<\/strong>\u00a0como s\u00edmbolo de los \u00abrecortes\u00bb.<\/p>\n\n\n\n<p>El mi\u00e9rcoles, <strong>decidi\u00f3 cancelar una entrevista prevista con el canal CNN en Espa\u00f1ol<\/strong>, seg\u00fan cont\u00f3 p\u00fablicamente el periodista Fernando del Rinc\u00f3n, que hab\u00eda viajado especialmente a Buenos Aires para entrevistarlo.<\/p>\n\n\n\n<p>\u00abUna situaci\u00f3n muy peculiar con Javier Milei. <strong>Me confirm\u00f3 una entrevista, y me la reconfirm\u00f3 antes de llegar a Buenos Aires. <\/strong>Ven\u00edamos con tranquilidad y <strong>menos de un d\u00eda antes se cancela<\/strong>, misteriosamente.\u00a0<strong>Algo dec\u00eda su equipo de que lo iban a guardar 10 d\u00edas<\/strong>, \u00bf<strong>Es por seguridad, por salud o porque no quieren arriesgar los puntos?<\/strong>\u00ab, se pregunt\u00f3 el mi\u00e9rcoles Del Rinc\u00f3n durante su programa en CNN en Espa\u00f1ol.<\/p>\n\n\n\n<figure class=\"wp-block-embed is-type-video is-provider-youtube wp-block-embed-youtube wp-embed-aspect-16-9 wp-has-aspect-ratio\"><div class=\"wp-block-embed__wrapper\">\n<iframe loading=\"lazy\"  id=\"_ytid_50648\"  width=\"1000\" height=\"562\"  data-origwidth=\"1000\" data-origheight=\"562\" src=\"https:\/\/www.youtube.com\/embed\/Sc9W0chBpDk?enablejsapi=1&#038;autoplay=0&#038;cc_load_policy=0&#038;cc_lang_pref=&#038;iv_load_policy=1&#038;loop=0&#038;rel=1&#038;fs=1&#038;playsinline=0&#038;autohide=2&#038;theme=dark&#038;color=red&#038;controls=1&#038;disablekb=0&#038;\" class=\"__youtube_prefs__  epyt-is-override  no-lazyload\" title=\"YouTube player\"  allow=\"fullscreen; accelerometer; autoplay; clipboard-write; encrypted-media; gyroscope; picture-in-picture; web-share\" referrerpolicy=\"strict-origin-when-cross-origin\" allowfullscreen data-no-lazy=\"1\" data-skipgform_ajax_framebjll=\"\"><\/iframe>\n<\/div><\/figure>\n\n\n\n<p>Tras la caravana del lunes en San Mart\u00edn, Milei no hizo m\u00e1s declaraciones p\u00fablicas, pero\u00a0<strong>se mantiene muy activo en sus redes sociales<\/strong>, donde repostea mensajes de otros usuarios u opina sobre distintos temas, como la performance de su candidato a jefe de gobierno porte\u00f1o, Ramiro Marra, en el debate celebrado el mi\u00e9rcoles.<\/p>\n","protected":false},"excerpt":{"rendered":"<p>El diputado nacional y candidato presidencial de La libertad Avanza (LLA), Javier Milei, prepara su presentaci\u00f3n en el debate presidencial de este domingo junto a sus asesores econ\u00f3micos y\u00a0sin apariciones p\u00fablicas previstas para el resto de esta semana. Su \u00faltima actividad proselitista p\u00fablica fue el lunes cuando encabez\u00f3 una caravana en el distrito bonaerense de [&hellip;]<\/p>\n","protected":false},"author":2,"featured_media":0,"comment_status":"closed","ping_status":"open","sticky":false,"template":"","format":"standard","meta":{"footnotes":""},"categories":[8],"tags":[511,175],"class_list":{"0":"post-10339","1":"post","2":"type-post","3":"status-publish","4":"format-standard","6":"category-nacionales","7":"tag-bloque-2","8":"tag-elecciones-2023"},"_links":{"self":[{"href":"https:\/\/zoomproducciones.com.ar\/zoomp\/wp-json\/wp\/v2\/posts\/10339","targetHints":{"allow":["GET"]}}],"collection":[{"href":"https:\/\/zoomproducciones.com.ar\/zoomp\/wp-json\/wp\/v2\/posts"}],"about":[{"href":"https:\/\/zoomproducciones.com.ar\/zoomp\/wp-json\/wp\/v2\/types\/post"}],"author":[{"embeddable":true,"href":"https:\/\/zoomproducciones.com.ar\/zoomp\/wp-json\/wp\/v2\/users\/2"}],"replies":[{"embeddable":true,"href":"https:\/\/zoomproducciones.com.ar\/zoomp\/wp-json\/wp\/v2\/comments?post=10339"}],"version-history":[{"count":1,"href":"https:\/\/zoomproducciones.com.ar\/zoomp\/wp-json\/wp\/v2\/posts\/10339\/revisions"}],"predecessor-version":[{"id":10341,"href":"https:\/\/zoomproducciones.com.ar\/zoomp\/wp-json\/wp\/v2\/posts\/10339\/revisions\/10341"}],"wp:attachment":[{"href":"https:\/\/zoomproducciones.com.ar\/zoomp\/wp-json\/wp\/v2\/media?parent=10339"}],"wp:term":[{"taxonomy":"category","embeddable":true,"href":"https:\/\/zoomproducciones.com.ar\/zoomp\/wp-json\/wp\/v2\/categories?post=10339"},{"taxonomy":"post_tag","embeddable":true,"href":"https:\/\/zoomproducciones.com.ar\/zoomp\/wp-json\/wp\/v2\/tags?post=10339"}],"curies":[{"name":"wp","href":"https:\/\/api.w.org\/{rel}","templated":true}]}}