{"id":10336,"date":"2023-09-29T09:31:28","date_gmt":"2023-09-29T12:31:28","guid":{"rendered":"http:\/\/zoomproducciones.com.ar\/zoomp\/?p=10336"},"modified":"2023-09-29T09:31:28","modified_gmt":"2023-09-29T12:31:28","slug":"rossi-en-mercedes-nosotros-estamos-con-la-inclusion-y-los-otros-con-la-tijera-y-motosierra","status":"publish","type":"post","link":"https:\/\/zoomproducciones.com.ar\/zoomp\/rossi-en-mercedes-nosotros-estamos-con-la-inclusion-y-los-otros-con-la-tijera-y-motosierra\/","title":{"rendered":"Rossi en Mercedes: \u00bbNosotros estamos con la inclusi\u00f3n y los otros con la tijera y motosierra\u00bb"},"content":{"rendered":"\n<p>El jefe de Gabinete y candidato a vicepresidente de Uni\u00f3n por la Patria (UxP),\u00a0<strong>Agust\u00edn Rossi<\/strong>, visit\u00f3 la\u00a0<strong>Estaci\u00f3n Radar<\/strong>, que se construye en la ciudad correntina de\u00a0<strong>Mercedes<\/strong>. Esta obra contribuir\u00e1 a la tarea que realiza la Fuerza A\u00e9rea Argentina y fortalecer\u00e1 el SINVICA.<\/p>\n\n\n\n<p>A su vez, permitir\u00e1 que 15 familias de la Fuerza A\u00e9rea Argentina residan en nuestra localidad.<\/p>\n\n\n\n<p>Por otro lado, el jefe de Gabinete mantuvo\u00a0<strong>reuniones con sectores productivos y del trabajo y luego con intendentes, legisladores, concejales y organizaciones sociales \u00aben las que acordaron estrategias y acciones territoriales y se realizaron anuncios sobre gestiones positivas que se realizaron para diversos Municipios de Corrientes\u00bb<\/strong>, informaron fuentes del PJ.<\/p>\n\n\n\n<p>Junto a Agust\u00edn Rossi en Mercedes, estuvieron el intendente Diego Caram, los diputados nacionales Nancy Sand y Jorge Antonio Romero y; los intendentes Norberto Villordo, de Santa Luc\u00eda, Leonardo Aguirre, de Yofre; Ra\u00fal \u00abRulo\u00bb Hadad, de San Roque; y el candidato a diputado nacional y delegado de la ANSES, Christian Zulli.<\/p>\n\n\n\n<p>Tambi\u00e9n la candidata a diputada nacional Sara Aparicio; la candidata a parlamentaria del mercosur Y\u00e9sica Taborda; los consejeros de Yacyret\u00e1 Ana Almir\u00f3n y Richard Valenzuela; los senadores Jos\u00e9 \u00abPitin\u00bb Arag\u00f3n, V\u00edctor Giraud y Mart\u00edn Barrionuevo; el diputado Marcos Ota\u00f1o; Cesar \u00abTatin\u00bb Acevedo, Bel\u00e9n Martino, autoridades de organismos nacionales y concejales de distintas ciudades de Corrientes.<\/p>\n\n\n\n<h2 class=\"wp-block-heading\">Declaraciones<\/h2>\n\n\n\n<p>Con respecto a la quita del Impuesto a las Ganancias, la devoluci\u00f3n del IVA y el nuevo IFE, Rossi expres\u00f3: \u00abLo primero son los trabajadores, nuestro compromiso es con el mundo del trabajo, generar m\u00e1s empleo, potenciar el desarrollo productivo de la argentina y que cada vez haya m\u00e1s argentinos con trabajo\u00bb.<\/p>\n\n\n\n<p><strong>\u00abNosotros estamos con la movilidad social ascendente y la inclusi\u00f3n social y los otros, con la tijera y la motosierra\u00bb<\/strong>, expres\u00f3.<\/p>\n\n\n\n<p>Tambi\u00e9n se refiri\u00f3 a los discursos negacionistas de la dictadura c\u00edvico militar por parte de los candidatos de la oposici\u00f3n y consider\u00f3 conveniente tratar y avanzar con una norma que sancione esa acci\u00f3n.<\/p>\n\n\n\n<p>\u00abMe parece grave que a 40 a\u00f1os de la democracia un espacio pol\u00edtico no condene la dictadura o violaci\u00f3n de los derechos humanos\u00bb, puntualiz\u00f3 en ese contexto<\/p>\n","protected":false},"excerpt":{"rendered":"<p>El jefe de Gabinete y candidato a vicepresidente de Uni\u00f3n por la Patria (UxP),\u00a0Agust\u00edn Rossi, visit\u00f3 la\u00a0Estaci\u00f3n Radar, que se construye en la ciudad correntina de\u00a0Mercedes. Esta obra contribuir\u00e1 a la tarea que realiza la Fuerza A\u00e9rea Argentina y fortalecer\u00e1 el SINVICA. A su vez, permitir\u00e1 que 15 familias de la Fuerza A\u00e9rea Argentina residan [&hellip;]<\/p>\n","protected":false},"author":2,"featured_media":0,"comment_status":"closed","ping_status":"open","sticky":false,"template":"","format":"standard","meta":{"footnotes":""},"categories":[8],"tags":[511],"class_list":{"0":"post-10336","1":"post","2":"type-post","3":"status-publish","4":"format-standard","6":"category-nacionales","7":"tag-bloque-2"},"_links":{"self":[{"href":"https:\/\/zoomproducciones.com.ar\/zoomp\/wp-json\/wp\/v2\/posts\/10336","targetHints":{"allow":["GET"]}}],"collection":[{"href":"https:\/\/zoomproducciones.com.ar\/zoomp\/wp-json\/wp\/v2\/posts"}],"about":[{"href":"https:\/\/zoomproducciones.com.ar\/zoomp\/wp-json\/wp\/v2\/types\/post"}],"author":[{"embeddable":true,"href":"https:\/\/zoomproducciones.com.ar\/zoomp\/wp-json\/wp\/v2\/users\/2"}],"replies":[{"embeddable":true,"href":"https:\/\/zoomproducciones.com.ar\/zoomp\/wp-json\/wp\/v2\/comments?post=10336"}],"version-history":[{"count":1,"href":"https:\/\/zoomproducciones.com.ar\/zoomp\/wp-json\/wp\/v2\/posts\/10336\/revisions"}],"predecessor-version":[{"id":10338,"href":"https:\/\/zoomproducciones.com.ar\/zoomp\/wp-json\/wp\/v2\/posts\/10336\/revisions\/10338"}],"wp:attachment":[{"href":"https:\/\/zoomproducciones.com.ar\/zoomp\/wp-json\/wp\/v2\/media?parent=10336"}],"wp:term":[{"taxonomy":"category","embeddable":true,"href":"https:\/\/zoomproducciones.com.ar\/zoomp\/wp-json\/wp\/v2\/categories?post=10336"},{"taxonomy":"post_tag","embeddable":true,"href":"https:\/\/zoomproducciones.com.ar\/zoomp\/wp-json\/wp\/v2\/tags?post=10336"}],"curies":[{"name":"wp","href":"https:\/\/api.w.org\/{rel}","templated":true}]}}