{"id":10327,"date":"2023-09-29T08:57:25","date_gmt":"2023-09-29T11:57:25","guid":{"rendered":"http:\/\/zoomproducciones.com.ar\/zoomp\/?p=10327"},"modified":"2023-09-29T09:07:19","modified_gmt":"2023-09-29T12:07:19","slug":"joven-curuzucuateno-fallecio-arrollado-por-un-tren-en-buenos-aires","status":"publish","type":"post","link":"https:\/\/zoomproducciones.com.ar\/zoomp\/joven-curuzucuateno-fallecio-arrollado-por-un-tren-en-buenos-aires\/","title":{"rendered":"Joven curuzucuate\u00f1o fue arrollado por un tren en Buenos Aires"},"content":{"rendered":"\n<p>Un joven de 19 a\u00f1os falleci\u00f3 de manera tr\u00e1gica en Grand Bourg, ciudad de Buenos Aires. Seg\u00fan lo que indica El Diario de Curuz\u00fa, la v\u00edctima fue arrollada por un tren en la noche del martes.<\/p>\n\n\n\n<p>Medios nacionales hab\u00edan indicado de un accidente en el ingreso de una estaci\u00f3n de ferrocarriles, en donde un joven al no haberse percatado de la llegada del tren, fue arrollado y lamentablemente perdi\u00f3 la vida en el acto.<\/p>\n\n\n\n<p>Fuentes policiales confirmaron que se trataba de una persona masculina de 19 a\u00f1os, de apellido Leiva, oriundo de Curuz\u00fa Cuati\u00e1, qui\u00e9n estaba en Buenos Aires para buscar trabajo luego de haber terminado sus estudios secundarios.<\/p>\n","protected":false},"excerpt":{"rendered":"<p>Un joven de 19 a\u00f1os falleci\u00f3 de manera tr\u00e1gica en Grand Bourg, ciudad de Buenos Aires. Seg\u00fan lo que indica El Diario de Curuz\u00fa, la v\u00edctima fue arrollada por un tren en la noche del martes. Medios nacionales hab\u00edan indicado de un accidente en el ingreso de una estaci\u00f3n de ferrocarriles, en donde un joven [&hellip;]<\/p>\n","protected":false},"author":2,"featured_media":0,"comment_status":"closed","ping_status":"open","sticky":false,"template":"","format":"standard","meta":{"footnotes":""},"categories":[3],"tags":[511,122],"class_list":{"0":"post-10327","1":"post","2":"type-post","3":"status-publish","4":"format-standard","6":"category-provinciales","7":"tag-bloque-2","8":"tag-policiales"},"_links":{"self":[{"href":"https:\/\/zoomproducciones.com.ar\/zoomp\/wp-json\/wp\/v2\/posts\/10327","targetHints":{"allow":["GET"]}}],"collection":[{"href":"https:\/\/zoomproducciones.com.ar\/zoomp\/wp-json\/wp\/v2\/posts"}],"about":[{"href":"https:\/\/zoomproducciones.com.ar\/zoomp\/wp-json\/wp\/v2\/types\/post"}],"author":[{"embeddable":true,"href":"https:\/\/zoomproducciones.com.ar\/zoomp\/wp-json\/wp\/v2\/users\/2"}],"replies":[{"embeddable":true,"href":"https:\/\/zoomproducciones.com.ar\/zoomp\/wp-json\/wp\/v2\/comments?post=10327"}],"version-history":[{"count":3,"href":"https:\/\/zoomproducciones.com.ar\/zoomp\/wp-json\/wp\/v2\/posts\/10327\/revisions"}],"predecessor-version":[{"id":10334,"href":"https:\/\/zoomproducciones.com.ar\/zoomp\/wp-json\/wp\/v2\/posts\/10327\/revisions\/10334"}],"wp:attachment":[{"href":"https:\/\/zoomproducciones.com.ar\/zoomp\/wp-json\/wp\/v2\/media?parent=10327"}],"wp:term":[{"taxonomy":"category","embeddable":true,"href":"https:\/\/zoomproducciones.com.ar\/zoomp\/wp-json\/wp\/v2\/categories?post=10327"},{"taxonomy":"post_tag","embeddable":true,"href":"https:\/\/zoomproducciones.com.ar\/zoomp\/wp-json\/wp\/v2\/tags?post=10327"}],"curies":[{"name":"wp","href":"https:\/\/api.w.org\/{rel}","templated":true}]}}