{"id":10324,"date":"2023-09-29T08:46:19","date_gmt":"2023-09-29T11:46:19","guid":{"rendered":"http:\/\/zoomproducciones.com.ar\/zoomp\/?p=10324"},"modified":"2023-09-29T09:07:56","modified_gmt":"2023-09-29T12:07:56","slug":"boca-empato-contra-palmeiras-y-todo-se-define-en-san-pablo","status":"publish","type":"post","link":"https:\/\/zoomproducciones.com.ar\/zoomp\/boca-empato-contra-palmeiras-y-todo-se-define-en-san-pablo\/","title":{"rendered":"Boca empat\u00f3 contra Palmeiras y todo se definir\u00e1 en San Pablo"},"content":{"rendered":"\n<p><strong>Boca Juniors igual\u00f3 0 a 0 ante Palmeiras<\/strong> este jueves por el partido de ida de una de las semifinales de la Copa Libertadores y ahora todo se definir\u00e1 el jueves pr\u00f3ximo en San Pablo.<\/p>\n\n\n\n<p>El \u00abxeneize\u00bb ten\u00eda la obligaci\u00f3n de ganar para poder ir con m\u00e1s tranquilidad a la revancha, pero m\u00e1s all\u00e1 fue superior y mereci\u00f3 haber ganado el encuentro.<\/p>\n\n\n\n<p>Los juveniles Valent\u00edn Barco y Ezequiel Fern\u00e1ndez, cada uno a su manera, fueron sus puntos m\u00e1s altos.<\/p>\n\n\n\n<p>El \u00abVerdao\u00bb, para muchos el rival m\u00e1s dif\u00edcil de la Copa, tuvo sus armas de siempre, aunque mostr\u00f3 ciertas falencias defensivas cuando Boca lo atac\u00f3, especialmente en el final de la etapa inicial.<\/p>\n\n\n\n<h2 class=\"wp-block-heading\">Resumen<\/h2>\n\n\n\n<figure class=\"wp-block-embed is-type-video is-provider-youtube wp-block-embed-youtube wp-embed-aspect-16-9 wp-has-aspect-ratio\"><div class=\"wp-block-embed__wrapper\">\n<iframe loading=\"lazy\"  id=\"_ytid_59239\"  width=\"1000\" height=\"562\"  data-origwidth=\"1000\" data-origheight=\"562\" src=\"https:\/\/www.youtube.com\/embed\/A1aU7bhaghE?enablejsapi=1&#038;autoplay=0&#038;cc_load_policy=0&#038;cc_lang_pref=&#038;iv_load_policy=1&#038;loop=0&#038;rel=1&#038;fs=1&#038;playsinline=0&#038;autohide=2&#038;theme=dark&#038;color=red&#038;controls=1&#038;disablekb=0&#038;\" class=\"__youtube_prefs__  epyt-is-override  no-lazyload\" title=\"YouTube player\"  allow=\"fullscreen; accelerometer; autoplay; clipboard-write; encrypted-media; gyroscope; picture-in-picture; web-share\" referrerpolicy=\"strict-origin-when-cross-origin\" allowfullscreen data-no-lazy=\"1\" data-skipgform_ajax_framebjll=\"\"><\/iframe>\n<\/div><\/figure>\n","protected":false},"excerpt":{"rendered":"<p>Boca Juniors igual\u00f3 0 a 0 ante Palmeiras este jueves por el partido de ida de una de las semifinales de la Copa Libertadores y ahora todo se definir\u00e1 el jueves pr\u00f3ximo en San Pablo. El \u00abxeneize\u00bb ten\u00eda la obligaci\u00f3n de ganar para poder ir con m\u00e1s tranquilidad a la revancha, pero m\u00e1s all\u00e1 fue [&hellip;]<\/p>\n","protected":false},"author":4,"featured_media":0,"comment_status":"closed","ping_status":"open","sticky":false,"template":"","format":"standard","meta":{"footnotes":""},"categories":[372],"tags":[511,458],"class_list":{"0":"post-10324","1":"post","2":"type-post","3":"status-publish","4":"format-standard","6":"category-futbol","7":"tag-bloque-2","8":"tag-deportes"},"_links":{"self":[{"href":"https:\/\/zoomproducciones.com.ar\/zoomp\/wp-json\/wp\/v2\/posts\/10324","targetHints":{"allow":["GET"]}}],"collection":[{"href":"https:\/\/zoomproducciones.com.ar\/zoomp\/wp-json\/wp\/v2\/posts"}],"about":[{"href":"https:\/\/zoomproducciones.com.ar\/zoomp\/wp-json\/wp\/v2\/types\/post"}],"author":[{"embeddable":true,"href":"https:\/\/zoomproducciones.com.ar\/zoomp\/wp-json\/wp\/v2\/users\/4"}],"replies":[{"embeddable":true,"href":"https:\/\/zoomproducciones.com.ar\/zoomp\/wp-json\/wp\/v2\/comments?post=10324"}],"version-history":[{"count":2,"href":"https:\/\/zoomproducciones.com.ar\/zoomp\/wp-json\/wp\/v2\/posts\/10324\/revisions"}],"predecessor-version":[{"id":10335,"href":"https:\/\/zoomproducciones.com.ar\/zoomp\/wp-json\/wp\/v2\/posts\/10324\/revisions\/10335"}],"wp:attachment":[{"href":"https:\/\/zoomproducciones.com.ar\/zoomp\/wp-json\/wp\/v2\/media?parent=10324"}],"wp:term":[{"taxonomy":"category","embeddable":true,"href":"https:\/\/zoomproducciones.com.ar\/zoomp\/wp-json\/wp\/v2\/categories?post=10324"},{"taxonomy":"post_tag","embeddable":true,"href":"https:\/\/zoomproducciones.com.ar\/zoomp\/wp-json\/wp\/v2\/tags?post=10324"}],"curies":[{"name":"wp","href":"https:\/\/api.w.org\/{rel}","templated":true}]}}