{"id":10314,"date":"2023-09-29T08:31:57","date_gmt":"2023-09-29T11:31:57","guid":{"rendered":"http:\/\/zoomproducciones.com.ar\/zoomp\/?p=10314"},"modified":"2023-09-29T08:31:57","modified_gmt":"2023-09-29T11:31:57","slug":"el-tribunal-de-mercedes-dejo-en-libertad-a-javier-solis-conoce-las-razones","status":"publish","type":"post","link":"https:\/\/zoomproducciones.com.ar\/zoomp\/el-tribunal-de-mercedes-dejo-en-libertad-a-javier-solis-conoce-las-razones\/","title":{"rendered":"El Tribunal de Mercedes dej\u00f3 en libertad a Javier Sol\u00eds: conoc\u00e9 las razones"},"content":{"rendered":"\n<p>Para el Tribunal de Revisi\u00f3n de Mercedes no se prob\u00f3 que el incendio lo provoc\u00f3 Javier Sol\u00eds, sino que el origen del mismo es compatible con un accidente, como tampoco pudo ser probado, que el imputado tuvo la intenci\u00f3n de prenderle fuego a la v\u00edctima.<\/p>\n\n\n\n<p>Hace una semana el <strong>Tribunal de Revisi\u00f3n de Mercedes de forma un\u00e1nime<\/strong>, admiti\u00f3 la<strong> impugnaci\u00f3n defensiva<\/strong>, presentada por el <strong>Dr. Juan Carlos Vischi,<\/strong> representante legal de Javier Sol\u00eds, y orden\u00f3 su inmediata libertad.<\/p>\n\n\n\n<p>Sol\u00eds est\u00e1 imputado del supuesto delito <strong>\u201cHomicidio doblemente agravado, en grado de tentativa, por la relaci\u00f3n de pareja y por mediar violencia de g\u00e9nero\u201d,<\/strong> y estuvo un mes detenido.<\/p>\n\n\n\n<p>El Tribunal en los argumentos de la decisi\u00f3n plante\u00f3 <strong>\u201cno se demuestran los presupuestos que son necesarios, para disponer de la privaci\u00f3n de la libertad de una persona<\/strong>\u201d, y agreg\u00f3 \u201cfaltan argumentos\u201d.<\/p>\n\n\n\n<p>Con relaci\u00f3n al incendio atribuido al imputado, el Tribunal sostuvo \u201c<strong>no se prob\u00f3 que el incendio lo provoc\u00f3 Sol\u00eds, el incendio es compatible con un accidente\u201d<\/strong>, como as\u00ed tampoco est\u00e1 probado que Sol\u00eds intent\u00f3 prenderle fuego a la v\u00edctima, en su propia casa.<\/p>\n\n\n\n<p>Por otra parte, el Tribunal, basado en pericias, sostiene que no est\u00e1 probado el disparo de arma de fuego contra la v\u00edctima, ni la existencia de una barreta para provocar la agresi\u00f3n f\u00edsica.<\/p>\n\n\n\n<p>Los magistrados expresaron de manera categ\u00f3rica, <strong>\u201cno se puede mantener la prisi\u00f3n preventiva sin que nos digan en que prueba se sustenta<\/strong>, su culpabilidad o presunta culpabilidad\u201d y a\u00f1adieron \u201cl<strong>as pruebas que present\u00f3 la defensa fueron objetivas<\/strong>, ya que las circunstancias cambiaron, porque se agregaron pruebas despu\u00e9s de la formalizaci\u00f3n de la imputaci\u00f3n\u201d.<\/p>\n\n\n\n<p>Con la determinaci\u00f3n de la justicia, el Fiscal de Investigaciones Concretas, Dr. Facundo Sotelo podr\u00e1 avanzar con el proceso penal, pero con el imputado en libertad y la misma calificaci\u00f3n legal.<\/p>\n\n\n\n<p>Continuar con el proceso penal, significa llegar a juicio, y que se presenten todas las pruebas de las distintas partes, para saber la verdad de lo ocurrido.<\/p>\n\n\n\n<p>Mientras tanto Javier Sol\u00eds, deber\u00e1 cumplir una serie de reglas de conducta, entre ellas, no acercarse a la v\u00edctima (perimetral) y presentarse peri\u00f3dicamente en la Comisar\u00eda m\u00e1s cercana.<\/p>\n\n\n\n<p>Fuente: Confirmado.com<\/p>\n","protected":false},"excerpt":{"rendered":"<p>Para el Tribunal de Revisi\u00f3n de Mercedes no se prob\u00f3 que el incendio lo provoc\u00f3 Javier Sol\u00eds, sino que el origen del mismo es compatible con un accidente, como tampoco pudo ser probado, que el imputado tuvo la intenci\u00f3n de prenderle fuego a la v\u00edctima. Hace una semana el Tribunal de Revisi\u00f3n de Mercedes de [&hellip;]<\/p>\n","protected":false},"author":2,"featured_media":0,"comment_status":"closed","ping_status":"open","sticky":false,"template":"","format":"standard","meta":{"footnotes":""},"categories":[5],"tags":[42,116,122],"class_list":{"0":"post-10314","1":"post","2":"type-post","3":"status-publish","4":"format-standard","6":"category-locales","7":"tag-featured","8":"tag-paso-de-los-libres","9":"tag-policiales"},"_links":{"self":[{"href":"https:\/\/zoomproducciones.com.ar\/zoomp\/wp-json\/wp\/v2\/posts\/10314","targetHints":{"allow":["GET"]}}],"collection":[{"href":"https:\/\/zoomproducciones.com.ar\/zoomp\/wp-json\/wp\/v2\/posts"}],"about":[{"href":"https:\/\/zoomproducciones.com.ar\/zoomp\/wp-json\/wp\/v2\/types\/post"}],"author":[{"embeddable":true,"href":"https:\/\/zoomproducciones.com.ar\/zoomp\/wp-json\/wp\/v2\/users\/2"}],"replies":[{"embeddable":true,"href":"https:\/\/zoomproducciones.com.ar\/zoomp\/wp-json\/wp\/v2\/comments?post=10314"}],"version-history":[{"count":1,"href":"https:\/\/zoomproducciones.com.ar\/zoomp\/wp-json\/wp\/v2\/posts\/10314\/revisions"}],"predecessor-version":[{"id":10316,"href":"https:\/\/zoomproducciones.com.ar\/zoomp\/wp-json\/wp\/v2\/posts\/10314\/revisions\/10316"}],"wp:attachment":[{"href":"https:\/\/zoomproducciones.com.ar\/zoomp\/wp-json\/wp\/v2\/media?parent=10314"}],"wp:term":[{"taxonomy":"category","embeddable":true,"href":"https:\/\/zoomproducciones.com.ar\/zoomp\/wp-json\/wp\/v2\/categories?post=10314"},{"taxonomy":"post_tag","embeddable":true,"href":"https:\/\/zoomproducciones.com.ar\/zoomp\/wp-json\/wp\/v2\/tags?post=10314"}],"curies":[{"name":"wp","href":"https:\/\/api.w.org\/{rel}","templated":true}]}}