{"id":1018,"date":"2022-10-17T08:26:50","date_gmt":"2022-10-17T11:26:50","guid":{"rendered":"http:\/\/zoomproducciones.com.ar\/zoomp\/?p=1018"},"modified":"2022-10-17T08:26:51","modified_gmt":"2022-10-17T11:26:51","slug":"presupuesto-2023-massa-pidio-a-diputados-que-se-apruebe-la-ley","status":"publish","type":"post","link":"https:\/\/zoomproducciones.com.ar\/zoomp\/presupuesto-2023-massa-pidio-a-diputados-que-se-apruebe-la-ley\/","title":{"rendered":"Presupuesto 2023: Massa pidi\u00f3 a Diputados que se apruebe la ley"},"content":{"rendered":"\n<p>Sergio Massa, ministro de Econom\u00eda, pidi\u00f3 a la C\u00e1mara de Diputados que se apruebe el proyecto presentado para el Presupuesto 2023 del oficialismo \u00abu otro, pero que lo voten\u00bb. El titular de la cartera indic\u00f3 que si no es aprobado pueden generarse desbordes fiscales c\u00f3mo sucedi\u00f3 en este a\u00f1o. <\/p>\n\n\n\n<p>Sergio Massa en comunicaci\u00f3n radial con \u00bbSi pasa, pasa\u00bb de Ignacio Ortelli reclam\u00f3 a la C\u00e1mara de Diputados que se apruebe el proyecto de Presupuesto 2023 presentado por el oficialismo \u00abu otro, pero que lo voten\u00bb.<\/p>\n\n\n\n<p>\u00abMe parece que el presupuesto hay que mirarlo en un sentido distinto\u00bb, se\u00f1al\u00f3 el funcionario, quien reclam\u00f3 que&nbsp;<strong>\u00absea este u otro Presupuesto, pero voten uno\u00bb.<\/strong><\/p>\n\n\n\n<p>El titular de la cartera indico que si no se aprueba a la ley pueden generarse desbordes fiscales generando un d\u00e9ficit primario alto por encima de lo previsto acordado con el FMI. <\/p>\n\n\n\n<p>A la vez, Massa indic\u00f3 que aspira a incorporar propuestas de la oposici\u00f3n. <\/p>\n\n\n\n<p>El Presupuesto 2023 estima un crecimiento de la econom\u00eda del 2%, una pauta inflacionaria del 60% y un descenso del d\u00e9ficit fiscal del 2,5% al 1,9%, que se busca con reducci\u00f3n de gastos y de subsidios.<\/p>\n","protected":false},"excerpt":{"rendered":"<p>Sergio Massa, ministro de Econom\u00eda, pidi\u00f3 a la C\u00e1mara de Diputados que se apruebe el proyecto presentado para el Presupuesto 2023 del oficialismo \u00abu otro, pero que lo voten\u00bb. El titular de la cartera indic\u00f3 que si no es aprobado pueden generarse desbordes fiscales c\u00f3mo sucedi\u00f3 en este a\u00f1o. Sergio Massa en comunicaci\u00f3n radial con [&hellip;]<\/p>\n","protected":false},"author":4,"featured_media":0,"comment_status":"closed","ping_status":"open","sticky":false,"template":"","format":"standard","meta":{"footnotes":""},"categories":[8],"tags":[170,42,117,183,119],"class_list":{"0":"post-1018","1":"post","2":"type-post","3":"status-publish","4":"format-standard","6":"category-nacionales","7":"tag-diputados","8":"tag-featured","9":"tag-gobierno-nacional","10":"tag-presupuesto-2023","11":"tag-sergio-massa"},"_links":{"self":[{"href":"https:\/\/zoomproducciones.com.ar\/zoomp\/wp-json\/wp\/v2\/posts\/1018","targetHints":{"allow":["GET"]}}],"collection":[{"href":"https:\/\/zoomproducciones.com.ar\/zoomp\/wp-json\/wp\/v2\/posts"}],"about":[{"href":"https:\/\/zoomproducciones.com.ar\/zoomp\/wp-json\/wp\/v2\/types\/post"}],"author":[{"embeddable":true,"href":"https:\/\/zoomproducciones.com.ar\/zoomp\/wp-json\/wp\/v2\/users\/4"}],"replies":[{"embeddable":true,"href":"https:\/\/zoomproducciones.com.ar\/zoomp\/wp-json\/wp\/v2\/comments?post=1018"}],"version-history":[{"count":1,"href":"https:\/\/zoomproducciones.com.ar\/zoomp\/wp-json\/wp\/v2\/posts\/1018\/revisions"}],"predecessor-version":[{"id":1020,"href":"https:\/\/zoomproducciones.com.ar\/zoomp\/wp-json\/wp\/v2\/posts\/1018\/revisions\/1020"}],"wp:attachment":[{"href":"https:\/\/zoomproducciones.com.ar\/zoomp\/wp-json\/wp\/v2\/media?parent=1018"}],"wp:term":[{"taxonomy":"category","embeddable":true,"href":"https:\/\/zoomproducciones.com.ar\/zoomp\/wp-json\/wp\/v2\/categories?post=1018"},{"taxonomy":"post_tag","embeddable":true,"href":"https:\/\/zoomproducciones.com.ar\/zoomp\/wp-json\/wp\/v2\/tags?post=1018"}],"curies":[{"name":"wp","href":"https:\/\/api.w.org\/{rel}","templated":true}]}}