{"id":10168,"date":"2023-09-25T07:45:18","date_gmt":"2023-09-25T10:45:18","guid":{"rendered":"http:\/\/zoomproducciones.com.ar\/zoomp\/?p=10168"},"modified":"2023-09-25T07:46:22","modified_gmt":"2023-09-25T10:46:22","slug":"10168-2","status":"publish","type":"post","link":"https:\/\/zoomproducciones.com.ar\/zoomp\/10168-2\/","title":{"rendered":"D\u00eda del Empleado de Comercios: qu\u00e9 negocios estar\u00e1n cerrados este lunes"},"content":{"rendered":"\n<p>Este lunes 25 de septiembre se conmemora el D\u00eda del Empleado de Comercio luego de la modificaci\u00f3n que realiz\u00f3 la Federaci\u00f3n Argentina de Empleados de Comercio y Servicios (Faecys). El cambio se produjo con el fin de que los trabajadores del sector puedan disfrutar de un fin de semana largo de descanso. <\/p>\n\n\n\n<h2 class=\"wp-block-heading\">Locales que cierran<\/h2>\n\n\n\n<p>El lunes 25 de septiembre, algunos supermercados, tiendas de ropa o calzado, bazares, kioscos, jugueter\u00edas, almacenes y shoppings van a permanecer cerrados. Ese d\u00eda \u00ablos empleados de comercio no prestar\u00e1n labores, asimil\u00e1ndose el mismo a los<strong>&nbsp;feriados nacionales&nbsp;<\/strong>a todos los efectos legales\u00bb, indica el art\u00edculo 2 de la ley.<\/p>\n\n\n\n<p>Las&nbsp;<strong>cadenas de supermercados<\/strong>, los locales de indumentaria, las jugueter\u00edas, las tiendas de calzado y los centros comerciales tambi\u00e9n estar\u00e1n&nbsp;<strong>cerrados<\/strong>.<\/p>\n\n\n\n<p>Quienes trabajan en el rubro pueden gozar del d\u00eda feriado y tienen derecho a no trabajar ese d\u00eda. Los due\u00f1os que decidan levantar la persiana pueden hacerlo, pero si convocan a empleados para trabajar deben pagar la jornada como un d\u00eda feriado.<\/p>\n\n\n\n<p>El D\u00eda del Empleado de Comercio se celebra cada 26 de septiembre desde la sanci\u00f3n de la Ley 26.541, el 11 de noviembre de 2009.<\/p>\n","protected":false},"excerpt":{"rendered":"<p>Este lunes 25 de septiembre se conmemora el D\u00eda del Empleado de Comercio luego de la modificaci\u00f3n que realiz\u00f3 la Federaci\u00f3n Argentina de Empleados de Comercio y Servicios (Faecys). El cambio se produjo con el fin de que los trabajadores del sector puedan disfrutar de un fin de semana largo de descanso. Locales que cierran [&hellip;]<\/p>\n","protected":false},"author":2,"featured_media":0,"comment_status":"closed","ping_status":"open","sticky":false,"template":"","format":"standard","meta":{"footnotes":""},"categories":[8],"tags":[118,511,116],"class_list":{"0":"post-10168","1":"post","2":"type-post","3":"status-publish","4":"format-standard","6":"category-nacionales","7":"tag-argentina","8":"tag-bloque-2","9":"tag-paso-de-los-libres"},"_links":{"self":[{"href":"https:\/\/zoomproducciones.com.ar\/zoomp\/wp-json\/wp\/v2\/posts\/10168","targetHints":{"allow":["GET"]}}],"collection":[{"href":"https:\/\/zoomproducciones.com.ar\/zoomp\/wp-json\/wp\/v2\/posts"}],"about":[{"href":"https:\/\/zoomproducciones.com.ar\/zoomp\/wp-json\/wp\/v2\/types\/post"}],"author":[{"embeddable":true,"href":"https:\/\/zoomproducciones.com.ar\/zoomp\/wp-json\/wp\/v2\/users\/2"}],"replies":[{"embeddable":true,"href":"https:\/\/zoomproducciones.com.ar\/zoomp\/wp-json\/wp\/v2\/comments?post=10168"}],"version-history":[{"count":2,"href":"https:\/\/zoomproducciones.com.ar\/zoomp\/wp-json\/wp\/v2\/posts\/10168\/revisions"}],"predecessor-version":[{"id":10171,"href":"https:\/\/zoomproducciones.com.ar\/zoomp\/wp-json\/wp\/v2\/posts\/10168\/revisions\/10171"}],"wp:attachment":[{"href":"https:\/\/zoomproducciones.com.ar\/zoomp\/wp-json\/wp\/v2\/media?parent=10168"}],"wp:term":[{"taxonomy":"category","embeddable":true,"href":"https:\/\/zoomproducciones.com.ar\/zoomp\/wp-json\/wp\/v2\/categories?post=10168"},{"taxonomy":"post_tag","embeddable":true,"href":"https:\/\/zoomproducciones.com.ar\/zoomp\/wp-json\/wp\/v2\/tags?post=10168"}],"curies":[{"name":"wp","href":"https:\/\/api.w.org\/{rel}","templated":true}]}}