{"id":10159,"date":"2023-09-25T07:19:38","date_gmt":"2023-09-25T10:19:38","guid":{"rendered":"http:\/\/zoomproducciones.com.ar\/zoomp\/?p=10159"},"modified":"2023-09-25T07:20:28","modified_gmt":"2023-09-25T10:20:28","slug":"elecciones-2023-eduardo-avila-bajo-su-candidatura-a-concejal-en-libres","status":"publish","type":"post","link":"https:\/\/zoomproducciones.com.ar\/zoomp\/elecciones-2023-eduardo-avila-bajo-su-candidatura-a-concejal-en-libres\/","title":{"rendered":"Elecciones 2023: Eduardo \u00c1vila baj\u00f3 su candidatura a Concejal en Libres"},"content":{"rendered":"\n<p>Todo indicar\u00eda que se trat\u00f3 por discrepancias con el equipo de campa\u00f1a presidencial que encabeza Juan Schiaretti y Florencio Randazzo.<\/p>\n\n\n\n<p>De esta manera, se espera que la boleta de \u00bbHacemos por el Pa\u00eds\u00bb, la cual en las PASO obtuvo el 3,83% de los votos a nivel nacional, vaya sin candidatos a concejales en Paso de los Libres.<\/p>\n\n\n\n<p>\u00c1vila volv\u00eda a encabezar una lista de concejales luego del a\u00f1o 2021.<\/p>\n\n\n\n<h2 class=\"wp-block-heading\">Comunicado de \u00c1vila<\/h2>\n\n\n\n<p>En sus redes sociales, el ex candidato expres\u00f3: \u00bbSiempre lo dijimos y mantenemos firmes nuestras convicciones. De frente se van a encontrar con un equipo de gente trabajadora que no quiere llegar de cualquier forma o a cualquier precio\u00bb.<\/p>\n\n\n\n<p>\u00bbCreo que hay un camino que debemos recorrer y que debe ser con responsabilidad y absoluta transparencia\u00bb aclar\u00f3.<\/p>\n\n\n\n<p>\u00bbNo es y nunca debe ser una cuesti\u00f3n de poder, lo \u00fanico que nos debe impulsar a la pol\u00edtica es la posibilidad de servir en favor de la gente y nunca en beneficio propio, por eso hay que estar dispuestos incluso a desprenderse del propio sueldo para servir de manera honor\u00edfica\u00bb.<\/p>\n\n\n\n<p>\u00bbNosotros seguimos trabajando para la gente y seguiremos demostrando que lo que proponemos va enserio\u00bb.<\/p>\n\n\n\n<p>Nota realizada con informaci\u00f3n de Ignacio Villanueva.<\/p>\n","protected":false},"excerpt":{"rendered":"<p>Todo indicar\u00eda que se trat\u00f3 por discrepancias con el equipo de campa\u00f1a presidencial que encabeza Juan Schiaretti y Florencio Randazzo. De esta manera, se espera que la boleta de \u00bbHacemos por el Pa\u00eds\u00bb, la cual en las PASO obtuvo el 3,83% de los votos a nivel nacional, vaya sin candidatos a concejales en Paso de [&hellip;]<\/p>\n","protected":false},"author":2,"featured_media":0,"comment_status":"closed","ping_status":"open","sticky":false,"template":"","format":"standard","meta":{"footnotes":""},"categories":[5],"tags":[42,116],"class_list":{"0":"post-10159","1":"post","2":"type-post","3":"status-publish","4":"format-standard","6":"category-locales","7":"tag-featured","8":"tag-paso-de-los-libres"},"_links":{"self":[{"href":"https:\/\/zoomproducciones.com.ar\/zoomp\/wp-json\/wp\/v2\/posts\/10159","targetHints":{"allow":["GET"]}}],"collection":[{"href":"https:\/\/zoomproducciones.com.ar\/zoomp\/wp-json\/wp\/v2\/posts"}],"about":[{"href":"https:\/\/zoomproducciones.com.ar\/zoomp\/wp-json\/wp\/v2\/types\/post"}],"author":[{"embeddable":true,"href":"https:\/\/zoomproducciones.com.ar\/zoomp\/wp-json\/wp\/v2\/users\/2"}],"replies":[{"embeddable":true,"href":"https:\/\/zoomproducciones.com.ar\/zoomp\/wp-json\/wp\/v2\/comments?post=10159"}],"version-history":[{"count":3,"href":"https:\/\/zoomproducciones.com.ar\/zoomp\/wp-json\/wp\/v2\/posts\/10159\/revisions"}],"predecessor-version":[{"id":10163,"href":"https:\/\/zoomproducciones.com.ar\/zoomp\/wp-json\/wp\/v2\/posts\/10159\/revisions\/10163"}],"wp:attachment":[{"href":"https:\/\/zoomproducciones.com.ar\/zoomp\/wp-json\/wp\/v2\/media?parent=10159"}],"wp:term":[{"taxonomy":"category","embeddable":true,"href":"https:\/\/zoomproducciones.com.ar\/zoomp\/wp-json\/wp\/v2\/categories?post=10159"},{"taxonomy":"post_tag","embeddable":true,"href":"https:\/\/zoomproducciones.com.ar\/zoomp\/wp-json\/wp\/v2\/tags?post=10159"}],"curies":[{"name":"wp","href":"https:\/\/api.w.org\/{rel}","templated":true}]}}