{"id":10156,"date":"2023-09-25T07:06:52","date_gmt":"2023-09-25T10:06:52","guid":{"rendered":"http:\/\/zoomproducciones.com.ar\/zoomp\/?p=10156"},"modified":"2023-09-25T07:28:02","modified_gmt":"2023-09-25T10:28:02","slug":"vuelve-el-fresquito-asi-estara-el-tiempo-en-paso-de-los-libres-esta-semana","status":"publish","type":"post","link":"https:\/\/zoomproducciones.com.ar\/zoomp\/vuelve-el-fresquito-asi-estara-el-tiempo-en-paso-de-los-libres-esta-semana\/","title":{"rendered":"\u00bfVuelve el fresquito?: as\u00ed estar\u00e1 el tiempo en Paso de los Libres esta semana"},"content":{"rendered":"\n<p>Luego de unos d\u00edas calurosos para la ciudad, el Servicio Meteorol\u00f3gico Nacional indica una baja de temperaturas a mitad de semana y con ciertas probabilidades de lluvias.<\/p>\n\n\n\n<p>Para este lunes la m\u00e1xima ser\u00e1 de 21\u00b0C y la m\u00ednima de 16\u00b0C, con probabilidades del 70% de lluvias para la ma\u00f1ana y una humedad del 87%.<\/p>\n\n\n\n<p>Las lluvias seguir\u00e1n inclusive para el martes y se esperar\u00e1n temperaturas de 19\u00b0C la m\u00e1xima y 15\u00b0C la m\u00ednima. <\/p>\n\n\n\n<p>A partir del mi\u00e9rcoles la m\u00ednima ser\u00e1 de 12\u00b0C; el jueves de 9\u00b0C; y el viernes de 10\u00b0C. <\/p>\n\n\n\n<h2 class=\"wp-block-heading\">Alerta Amarilla<\/h2>\n\n\n\n<p>Las localidades de General Alvear &#8211; Paso de los Libres &#8211; San Mart\u00edn &#8211; Santo Tom\u00e9 atraviesan una alerta amarilla por tormentas para este lunes.<\/p>\n\n\n<div class=\"wp-block-image\">\n<figure class=\"aligncenter size-full\"><a href=\"http:\/\/zoomproducciones.com.ar\/zoomp\/wp-content\/uploads\/2023\/09\/image-119.png\"><img decoding=\"async\" src=\"http:\/\/zoomproducciones.com.ar\/zoomp\/wp-content\/uploads\/2023\/09\/image-119.png\" alt=\"\" class=\"wp-image-10157\"\/><\/a><\/figure>\n<\/div>","protected":false},"excerpt":{"rendered":"<p>Luego de unos d\u00edas calurosos para la ciudad, el Servicio Meteorol\u00f3gico Nacional indica una baja de temperaturas a mitad de semana y con ciertas probabilidades de lluvias. Para este lunes la m\u00e1xima ser\u00e1 de 21\u00b0C y la m\u00ednima de 16\u00b0C, con probabilidades del 70% de lluvias para la ma\u00f1ana y una humedad del 87%. Las [&hellip;]<\/p>\n","protected":false},"author":2,"featured_media":0,"comment_status":"closed","ping_status":"open","sticky":false,"template":"","format":"standard","meta":{"footnotes":""},"categories":[5],"tags":[42,116],"class_list":{"0":"post-10156","1":"post","2":"type-post","3":"status-publish","4":"format-standard","6":"category-locales","7":"tag-featured","8":"tag-paso-de-los-libres"},"_links":{"self":[{"href":"https:\/\/zoomproducciones.com.ar\/zoomp\/wp-json\/wp\/v2\/posts\/10156","targetHints":{"allow":["GET"]}}],"collection":[{"href":"https:\/\/zoomproducciones.com.ar\/zoomp\/wp-json\/wp\/v2\/posts"}],"about":[{"href":"https:\/\/zoomproducciones.com.ar\/zoomp\/wp-json\/wp\/v2\/types\/post"}],"author":[{"embeddable":true,"href":"https:\/\/zoomproducciones.com.ar\/zoomp\/wp-json\/wp\/v2\/users\/2"}],"replies":[{"embeddable":true,"href":"https:\/\/zoomproducciones.com.ar\/zoomp\/wp-json\/wp\/v2\/comments?post=10156"}],"version-history":[{"count":1,"href":"https:\/\/zoomproducciones.com.ar\/zoomp\/wp-json\/wp\/v2\/posts\/10156\/revisions"}],"predecessor-version":[{"id":10158,"href":"https:\/\/zoomproducciones.com.ar\/zoomp\/wp-json\/wp\/v2\/posts\/10156\/revisions\/10158"}],"wp:attachment":[{"href":"https:\/\/zoomproducciones.com.ar\/zoomp\/wp-json\/wp\/v2\/media?parent=10156"}],"wp:term":[{"taxonomy":"category","embeddable":true,"href":"https:\/\/zoomproducciones.com.ar\/zoomp\/wp-json\/wp\/v2\/categories?post=10156"},{"taxonomy":"post_tag","embeddable":true,"href":"https:\/\/zoomproducciones.com.ar\/zoomp\/wp-json\/wp\/v2\/tags?post=10156"}],"curies":[{"name":"wp","href":"https:\/\/api.w.org\/{rel}","templated":true}]}}