{"id":10149,"date":"2023-09-25T03:03:57","date_gmt":"2023-09-25T06:03:57","guid":{"rendered":"http:\/\/zoomproducciones.com.ar\/zoomp\/?p=10149"},"modified":"2023-09-25T07:40:04","modified_gmt":"2023-09-25T10:40:04","slug":"cornejo-le-gano-con-comodidad-y-es-el-nuevo-gobernador-de-mendoza","status":"publish","type":"post","link":"https:\/\/zoomproducciones.com.ar\/zoomp\/cornejo-le-gano-con-comodidad-y-es-el-nuevo-gobernador-de-mendoza\/","title":{"rendered":"Cornejo gan\u00f3 con comodidad y es el nuevo gobernador de Mendoza"},"content":{"rendered":"\n<p>El radical&nbsp;Alfredo Cornejo&nbsp;(Cambia Mendoza) se impuso en horas de la noche del domingo con el&nbsp;39,99% de los votos&nbsp;y es el&nbsp;nuevo gobernador de la provincia de Mendoza, con el&nbsp;52,21% de las mesas escrutadas, tras las&nbsp;elecciones&nbsp;celebradas.&nbsp;Pese a que cerca de las 22 a\u00fan faltaban muchas mesas por escrutar,&nbsp;la diferencia era irremontable.<\/p>\n\n\n\n<p>Lo sigui\u00f3 el candidato de Uni\u00f3n Mendocina,&nbsp;Omar De Marchi, con el&nbsp;29,49%. En tercer lugar, se posiciona el peronista&nbsp;Omar Parisi&nbsp;con el&nbsp;15,14%.<\/p>\n\n\n\n<p>Por detr\u00e1s se encontraba la f\u00f3rmula de&nbsp;Mario Vadillo y Emanuel Fugazzotto&nbsp;(Partido Verde), con el&nbsp;11,35%&nbsp;de los sufragios y la de&nbsp;Lautaro Jim\u00e9nez y Noelia Barbeito&nbsp;(Frente de Izquierda y de los Trabajadores-Unidad), con el&nbsp;4,03%.<\/p>\n\n\n\n<p><strong>Cornejo<\/strong>&nbsp;celebr\u00f3 su triunfo en los comicios provinciales y&nbsp;le pidi\u00f3 a los argentinos que voten por Patricia Bullrich, candidata presidencial de Juntos por el Cambio, que lo acompa\u00f1\u00f3 en el escenario.<\/p>\n\n\n\n<p>\u00abElegido el gobierno provincial, queremos pedirle a los mendocinos, pero tambi\u00e9n a los argentinos, que hagamos un cambio seguro, un cambio sostenido de la Argentina, para que no estemos en vaivenes, subidas y bajadas, con peligro de vuelta al populismo en muy poco tiempo\u00bb, inici\u00f3 Cornejo.<\/p>\n\n\n\n<p>En esa l\u00ednea, continu\u00f3:&nbsp;\u00abPor eso es que estamos desde aqu\u00ed, desde Mendoza, pidi\u00e9ndoles el voto en las&nbsp;elecciones&nbsp;para la f\u00f3rmula de Patricia Bullrich, presidente, y Luis Petri, mendocino, vicepresidente\u00bb.<\/p>\n\n\n\n<p>\u00abAc\u00e1&nbsp;hay un equipo para gobernar la Argentina. Hay un equipo que puede sacar adelante al pa\u00eds. No s\u00f3lo con bronca vamos a sacar adelante al pa\u00eds. Lo vamos a sacar con ideas, con proyectos\u00bb, agreg\u00f3 Cornejo.<\/p>\n\n\n\n<p>Adem\u00e1s, asegur\u00f3 que acompa\u00f1ar\u00e1 a&nbsp;Bullrich&nbsp;y a&nbsp;Petri \u00aba todos los lugares que sea posible para transmitir\u00bb&nbsp;el mensaje de Juntos por el Cambio:&nbsp;\u00abNecesitamos a&nbsp;Patricia Bullrich&nbsp;presidenta del pa\u00eds\u00bb.<\/p>\n\n\n\n<p><\/p>\n\n\n<div class=\"wp-block-image\">\n<figure class=\"aligncenter size-large\"><a href=\"http:\/\/zoomproducciones.com.ar\/zoomp\/wp-content\/uploads\/2023\/09\/563929.jpg\"><img decoding=\"async\" src=\"http:\/\/zoomproducciones.com.ar\/zoomp\/wp-content\/uploads\/2023\/09\/563929-1024x682.jpg\" alt=\"\" class=\"wp-image-10154\"\/><\/a><figcaption class=\"wp-element-caption\"><strong><em>Patricia Bullrich celebr\u00f3 junto a Alfredo Cornejo. Foto: T\u00e9lam.<\/em><\/strong><\/figcaption><\/figure>\n<\/div>","protected":false},"excerpt":{"rendered":"<p>El radical&nbsp;Alfredo Cornejo&nbsp;(Cambia Mendoza) se impuso en horas de la noche del domingo con el&nbsp;39,99% de los votos&nbsp;y es el&nbsp;nuevo gobernador de la provincia de Mendoza, con el&nbsp;52,21% de las mesas escrutadas, tras las&nbsp;elecciones&nbsp;celebradas.&nbsp;Pese a que cerca de las 22 a\u00fan faltaban muchas mesas por escrutar,&nbsp;la diferencia era irremontable. Lo sigui\u00f3 el candidato de Uni\u00f3n [&hellip;]<\/p>\n","protected":false},"author":2,"featured_media":0,"comment_status":"closed","ping_status":"open","sticky":false,"template":"","format":"standard","meta":{"footnotes":""},"categories":[8],"tags":[511],"class_list":{"0":"post-10149","1":"post","2":"type-post","3":"status-publish","4":"format-standard","6":"category-nacionales","7":"tag-bloque-2"},"_links":{"self":[{"href":"https:\/\/zoomproducciones.com.ar\/zoomp\/wp-json\/wp\/v2\/posts\/10149","targetHints":{"allow":["GET"]}}],"collection":[{"href":"https:\/\/zoomproducciones.com.ar\/zoomp\/wp-json\/wp\/v2\/posts"}],"about":[{"href":"https:\/\/zoomproducciones.com.ar\/zoomp\/wp-json\/wp\/v2\/types\/post"}],"author":[{"embeddable":true,"href":"https:\/\/zoomproducciones.com.ar\/zoomp\/wp-json\/wp\/v2\/users\/2"}],"replies":[{"embeddable":true,"href":"https:\/\/zoomproducciones.com.ar\/zoomp\/wp-json\/wp\/v2\/comments?post=10149"}],"version-history":[{"count":4,"href":"https:\/\/zoomproducciones.com.ar\/zoomp\/wp-json\/wp\/v2\/posts\/10149\/revisions"}],"predecessor-version":[{"id":10166,"href":"https:\/\/zoomproducciones.com.ar\/zoomp\/wp-json\/wp\/v2\/posts\/10149\/revisions\/10166"}],"wp:attachment":[{"href":"https:\/\/zoomproducciones.com.ar\/zoomp\/wp-json\/wp\/v2\/media?parent=10149"}],"wp:term":[{"taxonomy":"category","embeddable":true,"href":"https:\/\/zoomproducciones.com.ar\/zoomp\/wp-json\/wp\/v2\/categories?post=10149"},{"taxonomy":"post_tag","embeddable":true,"href":"https:\/\/zoomproducciones.com.ar\/zoomp\/wp-json\/wp\/v2\/tags?post=10149"}],"curies":[{"name":"wp","href":"https:\/\/api.w.org\/{rel}","templated":true}]}}