{"id":1014,"date":"2022-10-17T08:05:05","date_gmt":"2022-10-17T11:05:05","guid":{"rendered":"http:\/\/zoomproducciones.com.ar\/zoomp\/?p=1014"},"modified":"2022-10-17T08:05:05","modified_gmt":"2022-10-17T11:05:05","slug":"valdes-viajara-a-espana-en-busca-de-inversiones","status":"publish","type":"post","link":"https:\/\/zoomproducciones.com.ar\/zoomp\/valdes-viajara-a-espana-en-busca-de-inversiones\/","title":{"rendered":"Vald\u00e9s viajar\u00e1 a Espa\u00f1a en busca de inversiones"},"content":{"rendered":"\n<p>Gustavo Vald\u00e9s partir\u00e1 a Espa\u00f1a ma\u00f1ana, 18 de octubre, en busca de inversiones. El gobernador se reunir\u00e1 con empresarios e inversores en Madrid, Sevilla y Tenerife. Vald\u00e9s viajar\u00eda acompa\u00f1ado de el subsecretario de Hacienda, Patricio Carando; el ministro de Producci\u00f3n, Claudio Anselmo, entre otros.<\/p>\n\n\n\n<p>Gustavo Vald\u00e9s viaja hoy a Buenos Aires para prepararse para su viaje a Espa\u00f1a. En el mismo visitar\u00e1 ciudades c\u00f3mo Madrid, Tenerife y Sevilla en busca de inversiones para la provincia de Corrientes.<\/p>\n\n\n\n<p>El gobernador viajar\u00eda acompa\u00f1ado de el subsecretario de Hacienda, Patricio Carando; el ministro de Producci\u00f3n, Claudio Anselmo, entre otros. No se descarta que tanto empresarios como productores lo acompa\u00f1en. <\/p>\n\n\n\n<p>La semana pasada el Gobernador asegur\u00f3 que este viaje tiene propuesto: \u00bbresolver algunos problemas que tenemos en Corrientes, fundamentalmente con la producci\u00f3n, tenemos que salir a buscar inversiones y tratar de resolverlos\u00bb.<\/p>\n","protected":false},"excerpt":{"rendered":"<p>Gustavo Vald\u00e9s partir\u00e1 a Espa\u00f1a ma\u00f1ana, 18 de octubre, en busca de inversiones. El gobernador se reunir\u00e1 con empresarios e inversores en Madrid, Sevilla y Tenerife. Vald\u00e9s viajar\u00eda acompa\u00f1ado de el subsecretario de Hacienda, Patricio Carando; el ministro de Producci\u00f3n, Claudio Anselmo, entre otros. Gustavo Vald\u00e9s viaja hoy a Buenos Aires para prepararse para su [&hellip;]<\/p>\n","protected":false},"author":4,"featured_media":0,"comment_status":"closed","ping_status":"open","sticky":false,"template":"","format":"standard","meta":{"footnotes":""},"categories":[3],"tags":[42,113,123],"class_list":{"0":"post-1014","1":"post","2":"type-post","3":"status-publish","4":"format-standard","6":"category-provinciales","7":"tag-featured","8":"tag-gobierno-provincial","9":"tag-gustavo-valdes"},"_links":{"self":[{"href":"https:\/\/zoomproducciones.com.ar\/zoomp\/wp-json\/wp\/v2\/posts\/1014","targetHints":{"allow":["GET"]}}],"collection":[{"href":"https:\/\/zoomproducciones.com.ar\/zoomp\/wp-json\/wp\/v2\/posts"}],"about":[{"href":"https:\/\/zoomproducciones.com.ar\/zoomp\/wp-json\/wp\/v2\/types\/post"}],"author":[{"embeddable":true,"href":"https:\/\/zoomproducciones.com.ar\/zoomp\/wp-json\/wp\/v2\/users\/4"}],"replies":[{"embeddable":true,"href":"https:\/\/zoomproducciones.com.ar\/zoomp\/wp-json\/wp\/v2\/comments?post=1014"}],"version-history":[{"count":1,"href":"https:\/\/zoomproducciones.com.ar\/zoomp\/wp-json\/wp\/v2\/posts\/1014\/revisions"}],"predecessor-version":[{"id":1016,"href":"https:\/\/zoomproducciones.com.ar\/zoomp\/wp-json\/wp\/v2\/posts\/1014\/revisions\/1016"}],"wp:attachment":[{"href":"https:\/\/zoomproducciones.com.ar\/zoomp\/wp-json\/wp\/v2\/media?parent=1014"}],"wp:term":[{"taxonomy":"category","embeddable":true,"href":"https:\/\/zoomproducciones.com.ar\/zoomp\/wp-json\/wp\/v2\/categories?post=1014"},{"taxonomy":"post_tag","embeddable":true,"href":"https:\/\/zoomproducciones.com.ar\/zoomp\/wp-json\/wp\/v2\/tags?post=1014"}],"curies":[{"name":"wp","href":"https:\/\/api.w.org\/{rel}","templated":true}]}}