{"id":10123,"date":"2023-09-25T07:33:11","date_gmt":"2023-09-25T10:33:11","guid":{"rendered":"http:\/\/zoomproducciones.com.ar\/zoomp\/?p=10123"},"modified":"2023-09-25T07:33:11","modified_gmt":"2023-09-25T10:33:11","slug":"este-lunes-25-de-septiembre-comienza-el-pago-de-sueldos","status":"publish","type":"post","link":"https:\/\/zoomproducciones.com.ar\/zoomp\/este-lunes-25-de-septiembre-comienza-el-pago-de-sueldos\/","title":{"rendered":"Hoy comienza el pago de sueldos"},"content":{"rendered":"\n<p>Tal como lo hab\u00eda anunnciado el Gobernador de la Provincia, Gustavo Vald\u00e9s, el pago de sueldos de septiembre para trabajadores provinciales se pagar\u00e1n por terminaci\u00f3n de DNI a partir de este lunes 25 de septiembre, dando comienzo hoy el personal habilitado cuyo documento culmine en 0 y 1. <\/p>\n\n\n\n<p>Por su parte, el martes ser\u00e1 turno para quienes su DNI termine en 2 y 3. El cronograma seguir\u00e1 el miercoles (4 y 5) y jueves (6 y 7), extendiendose hasta el viernes (8 y 9).  <\/p>\n\n\n\n<p><\/p>\n\n\n\n<p><\/p>\n","protected":false},"excerpt":{"rendered":"<p>Tal como lo hab\u00eda anunnciado el Gobernador de la Provincia, Gustavo Vald\u00e9s, el pago de sueldos de septiembre para trabajadores provinciales se pagar\u00e1n por terminaci\u00f3n de DNI a partir de este lunes 25 de septiembre, dando comienzo hoy el personal habilitado cuyo documento culmine en 0 y 1. Por su parte, el martes ser\u00e1 turno [&hellip;]<\/p>\n","protected":false},"author":2,"featured_media":0,"comment_status":"closed","ping_status":"open","sticky":false,"template":"","format":"standard","meta":{"footnotes":""},"categories":[3],"tags":[511,125,113,123],"class_list":{"0":"post-10123","1":"post","2":"type-post","3":"status-publish","4":"format-standard","6":"category-provinciales","7":"tag-bloque-2","8":"tag-corrientes","9":"tag-gobierno-provincial","10":"tag-gustavo-valdes"},"_links":{"self":[{"href":"https:\/\/zoomproducciones.com.ar\/zoomp\/wp-json\/wp\/v2\/posts\/10123","targetHints":{"allow":["GET"]}}],"collection":[{"href":"https:\/\/zoomproducciones.com.ar\/zoomp\/wp-json\/wp\/v2\/posts"}],"about":[{"href":"https:\/\/zoomproducciones.com.ar\/zoomp\/wp-json\/wp\/v2\/types\/post"}],"author":[{"embeddable":true,"href":"https:\/\/zoomproducciones.com.ar\/zoomp\/wp-json\/wp\/v2\/users\/2"}],"replies":[{"embeddable":true,"href":"https:\/\/zoomproducciones.com.ar\/zoomp\/wp-json\/wp\/v2\/comments?post=10123"}],"version-history":[{"count":3,"href":"https:\/\/zoomproducciones.com.ar\/zoomp\/wp-json\/wp\/v2\/posts\/10123\/revisions"}],"predecessor-version":[{"id":10148,"href":"https:\/\/zoomproducciones.com.ar\/zoomp\/wp-json\/wp\/v2\/posts\/10123\/revisions\/10148"}],"wp:attachment":[{"href":"https:\/\/zoomproducciones.com.ar\/zoomp\/wp-json\/wp\/v2\/media?parent=10123"}],"wp:term":[{"taxonomy":"category","embeddable":true,"href":"https:\/\/zoomproducciones.com.ar\/zoomp\/wp-json\/wp\/v2\/categories?post=10123"},{"taxonomy":"post_tag","embeddable":true,"href":"https:\/\/zoomproducciones.com.ar\/zoomp\/wp-json\/wp\/v2\/tags?post=10123"}],"curies":[{"name":"wp","href":"https:\/\/api.w.org\/{rel}","templated":true}]}}