{"id":10094,"date":"2023-09-21T09:20:20","date_gmt":"2023-09-21T12:20:20","guid":{"rendered":"http:\/\/zoomproducciones.com.ar\/zoomp\/?p=10094"},"modified":"2023-09-21T09:20:20","modified_gmt":"2023-09-21T12:20:20","slug":"debate-de-candidatos-a-vicepresidente-los-detalles","status":"publish","type":"post","link":"https:\/\/zoomproducciones.com.ar\/zoomp\/debate-de-candidatos-a-vicepresidente-los-detalles\/","title":{"rendered":"Debate de candidatos a Vicepresidente: los detalles"},"content":{"rendered":"\n<p>Los\u00a0cinco candidatos a vice debatieron este mi\u00e9rcoles en A Dos Voces y\u00a0llevaron a los estudios de\u00a0<strong>TN<\/strong>\u00a0el libreto de campa\u00f1a con el que planean llegar al balotaje junto a sus compa\u00f1eros de f\u00f3rmula en octubre.<\/p>\n\n\n\n<p>Sin sorpresas,&nbsp;<strong>Victoria Villaruel<\/strong>&nbsp;-compa\u00f1era de Javier Milei- y&nbsp;<strong>Agust\u00edn Rossi<\/strong>&nbsp;-compa\u00f1ero de Sergio Massa- apuntaron claramente a&nbsp;<strong>polarizar entre s\u00ed<\/strong>, en un intento por marginar a JxC de la discusi\u00f3n. El radical&nbsp;<strong>Luis Petri<\/strong>&nbsp;-compa\u00f1ero de Patricia Bullrich-&nbsp;<strong>intent\u00f3 romper con la estrategia<\/strong>&nbsp;en com\u00fan, por momentos con \u00e9xito y algo de picante y por momentos opacado por la disputa entre la libertaria y el oficialista.<\/p>\n\n\n\n<p>El peronista\u00a0<strong>Florencio Randazzo<\/strong>\u00a0apel\u00f3 a la \u2018<strong>avenida del medio<\/strong>\u2019 (\u201dtanto mercado y tanto Estado como sea posible\u201d) y a la gesti\u00f3n del gobernador cordob\u00e9s Juan Schiaretti, su candidato a presidente, como vidriera. Quiz\u00e1s fuera\u00a0<strong>el m\u00e1s relajado<\/strong>\u00a0de los cinco. Y\u00a0<strong>Nicol\u00e1s del Ca\u00f1o<\/strong>, de la Izquierda y vice de Myriam Bregman, pronostic\u00f3 el ajuste y la represi\u00f3n que traer\u00e1n las dem\u00e1s fuerzas si llegan al Gobierno. En el balance, la dirigente de La Libertad Avanza fue el blanco de la mayor\u00eda de los cruces.<\/p>\n\n\n\n<h2 class=\"wp-block-heading\">Intenciones<\/h2>\n\n\n\n<p>El bloque de las preguntas dej\u00f3 bastante en evidencia las estrategias:&nbsp;<strong>Villarruel le pregunt\u00f3 a Rossi<\/strong>&nbsp;y le apunt\u00f3 por su paso como ministro de Defensa del kirchnerismo;&nbsp;<strong>Petri lo eligi\u00f3 a Rossi<\/strong>&nbsp;y lo cuestion\u00f3 por la falta de respuesta de su Gobierno frente al narcotr\u00e1fico. \u00bf<strong>A qui\u00e9n eligi\u00f3 Rossi?: a Villarruel<\/strong>, y la cruz\u00f3 por sus reuniones con condenados por cr\u00edmenes de lesa humanidad cometidos durante la dictadura militar.<\/p>\n\n\n\n<p>El siguiente turno para preguntar fue de Randazzo, que tambi\u00e9n eligi\u00f3 a Villarruel.\u00a0<strong>Petri ya no pudo confrontar cara a cara con la libertaria<\/strong>. Se tuvo que conformar un cara a cara con Del Ca\u00f1o, que no estuvo exento de fricci\u00f3n, como todo el debate.<\/p>\n\n\n\n<p>Rossi tuvo un comienzo accidentado, dubitativo por momentos y le tom\u00f3 un tiempo aclimatarse a la mec\u00e1nica del debate. Expuso de entrada la l\u00ednea discursiva de Uni\u00f3n por la Patria: el\u00a0<strong>\u201corgullo\u201d por un pa\u00eds<\/strong>\u00a0frente a los que plantean el camino del \u201codio\u201d, el \u201cajuste\u201d, y<strong>\u00a0\u201cdicen que el pa\u00eds es una mierda\u201d<\/strong>. No fue la \u00fanica palabra subida de tono del candidato oficialista.<\/p>\n\n\n\n<figure class=\"wp-block-image size-large\"><a href=\"http:\/\/zoomproducciones.com.ar\/zoomp\/wp-content\/uploads\/2023\/09\/image-109.png\"><img decoding=\"async\" src=\"http:\/\/zoomproducciones.com.ar\/zoomp\/wp-content\/uploads\/2023\/09\/image-109-1024x684.png\" alt=\"\" class=\"wp-image-10096\"\/><\/a><\/figure>\n\n\n\n<p>En el bloque econ\u00f3mico, el actual jefe de Gabinete se concentr\u00f3 en resaltar las&nbsp;<strong>medidas que tom\u00f3 Massa<\/strong>&nbsp;como ministro en un intento por paliar los efectos de la escalada inflacionaria, y aprovech\u00f3 para recordar el reciente proyecto de Ganancias que el ministro logr\u00f3 hacer aprobar en la C\u00e1mara de Diputados y que el oficialismo vive como un \u00e9xito de campa\u00f1a. Por otra parte, trat\u00f3 de destacar algunos<strong>&nbsp;datos \u201cpositivos\u201d vinculados a empleo<\/strong>.<\/p>\n\n\n\n<p><strong>Villarruel<\/strong>, tal vez una vez m\u00e1s de la necesaria, record\u00f3 que entre los otros&nbsp;<strong>cuatro candidatos<\/strong>&nbsp;sumaban \u201c<strong>76 a\u00f1os viviendo del Estado<\/strong>\u201d, que todos han fracasado, y reforz\u00f3 la idea de que&nbsp;<strong>el verdadero cambio<\/strong>, como suele repetir Milei, no puede ser con los mismos de siempre. Pero pronto qued\u00f3 en claro que de los cuatro representantes de la \u201ccasta\u201d<strong>, Rossi era el objetivo principal.<\/strong><\/p>\n\n\n\n<p>El radical Petri ratific\u00f3 desde el inicio la idea base de la\u00a0<strong>estrategia de JxC<\/strong>\u00a0para la campa\u00f1a rumbo a octubre: el\u00a0<strong>enemigo es el kirchnerismo<\/strong>, pero el que puede terminar con el kirchnerismo es la coalici\u00f3n opositora que tiene los equipos y la experiencia, y\u00a0<strong>no con \u201cun salto vac\u00edo<\/strong>\u201d, que representar\u00eda el libertario, sino\u00a0<strong>con \u201corden\u201d<\/strong>, que vendr\u00eda a ser supuestamente la presidenciable del PRO.<\/p>\n\n\n\n<figure class=\"wp-block-image size-large\"><a href=\"http:\/\/zoomproducciones.com.ar\/zoomp\/wp-content\/uploads\/2023\/09\/image-108.png\"><img decoding=\"async\" src=\"http:\/\/zoomproducciones.com.ar\/zoomp\/wp-content\/uploads\/2023\/09\/image-108-1024x576.png\" alt=\"\" class=\"wp-image-10095\"\/><\/a><\/figure>\n\n\n\n<p>La estrategia de&nbsp;<strong>polarizaci\u00f3n entre Villarruel y Rossi fue bastante s\u00f3lida<\/strong>&nbsp;en su planteo por lo menos durante los primeros dos bloques de debate, y en las preguntas, donde Petri tampoco logr\u00f3 lucirse demasiado en su choque con el jefe de Gabinete.<\/p>\n\n\n\n<p>Pero el candidato a vicepresidente de Bullrich, con algunas&nbsp;<strong>frases picantes y algo de archivo<\/strong>&nbsp;preparado de antemano, logr\u00f3 por un momento<strong>&nbsp;llevar a la libertaria a su lado del ring<\/strong>. Le recrimin\u00f3 no haber presentado&nbsp;<strong>ni un proyecto de ley&nbsp;<\/strong>vinculado a Seguridad desde que lleg\u00f3 a la C\u00e1mara de Diputados en el 2021. \u201cEn mi barrio a los que no presentan proyectos les dicen&nbsp;<strong>\u00f1oquis<\/strong>\u201d, lanz\u00f3. Tambi\u00e9n cuestion\u00f3 cierta moderaci\u00f3n en algunas de las promesas de campa\u00f1a m\u00e1s radicales de Milei: \u201cEst\u00e1 retrocediendo en chancletas. Su&nbsp;<strong>motosierrra&nbsp;<\/strong>ahora se transform\u00f3&nbsp;<strong>en una tijerita<\/strong>\u201d.<\/p>\n\n\n\n<p>Villarruel acus\u00f3 a Petri de sumarse a la locura del kirchnerismo; Rossi le record\u00f3 que ni siquiera pudo ganarle a Alfredo Cornejo en Mendoza. Randazzo le marc\u00f3 a la libertaria los v\u00ednculos de su compa\u00f1ero de f\u00f3rmula con la \u201ccasta\u201d sindical de Luis Barrionuevo, y reclamaba luego \u201cterminar con la maldita grieta\u201d entre los gritos de los dem\u00e1s candidatos. Del Ca\u00f1o llam\u00f3 a \u201cno resignarse\u201d, carg\u00f3 contra todos y pronostic\u00f3 ajuste y mano dura con un posible triunfo de los dem\u00e1s candidatos. En esos t\u00e9rminos, sin salir demasiado del libreto,\u00a0<strong>entre chicanas y duros cruces<\/strong>,\u00a0<strong>transcurri\u00f3 buena parte del primer debate<\/strong>\u00a0nacional del a\u00f1o.<\/p>\n\n\n\n<p>TN.<\/p>\n","protected":false},"excerpt":{"rendered":"<p>Los\u00a0cinco candidatos a vice debatieron este mi\u00e9rcoles en A Dos Voces y\u00a0llevaron a los estudios de\u00a0TN\u00a0el libreto de campa\u00f1a con el que planean llegar al balotaje junto a sus compa\u00f1eros de f\u00f3rmula en octubre. Sin sorpresas,&nbsp;Victoria Villaruel&nbsp;-compa\u00f1era de Javier Milei- y&nbsp;Agust\u00edn Rossi&nbsp;-compa\u00f1ero de Sergio Massa- apuntaron claramente a&nbsp;polarizar entre s\u00ed, en un intento por marginar [&hellip;]<\/p>\n","protected":false},"author":2,"featured_media":0,"comment_status":"closed","ping_status":"open","sticky":false,"template":"","format":"standard","meta":{"footnotes":""},"categories":[8],"tags":[118,511,175],"class_list":{"0":"post-10094","1":"post","2":"type-post","3":"status-publish","4":"format-standard","6":"category-nacionales","7":"tag-argentina","8":"tag-bloque-2","9":"tag-elecciones-2023"},"_links":{"self":[{"href":"https:\/\/zoomproducciones.com.ar\/zoomp\/wp-json\/wp\/v2\/posts\/10094","targetHints":{"allow":["GET"]}}],"collection":[{"href":"https:\/\/zoomproducciones.com.ar\/zoomp\/wp-json\/wp\/v2\/posts"}],"about":[{"href":"https:\/\/zoomproducciones.com.ar\/zoomp\/wp-json\/wp\/v2\/types\/post"}],"author":[{"embeddable":true,"href":"https:\/\/zoomproducciones.com.ar\/zoomp\/wp-json\/wp\/v2\/users\/2"}],"replies":[{"embeddable":true,"href":"https:\/\/zoomproducciones.com.ar\/zoomp\/wp-json\/wp\/v2\/comments?post=10094"}],"version-history":[{"count":1,"href":"https:\/\/zoomproducciones.com.ar\/zoomp\/wp-json\/wp\/v2\/posts\/10094\/revisions"}],"predecessor-version":[{"id":10098,"href":"https:\/\/zoomproducciones.com.ar\/zoomp\/wp-json\/wp\/v2\/posts\/10094\/revisions\/10098"}],"wp:attachment":[{"href":"https:\/\/zoomproducciones.com.ar\/zoomp\/wp-json\/wp\/v2\/media?parent=10094"}],"wp:term":[{"taxonomy":"category","embeddable":true,"href":"https:\/\/zoomproducciones.com.ar\/zoomp\/wp-json\/wp\/v2\/categories?post=10094"},{"taxonomy":"post_tag","embeddable":true,"href":"https:\/\/zoomproducciones.com.ar\/zoomp\/wp-json\/wp\/v2\/tags?post=10094"}],"curies":[{"name":"wp","href":"https:\/\/api.w.org\/{rel}","templated":true}]}}