{"id":10088,"date":"2023-09-21T08:58:26","date_gmt":"2023-09-21T11:58:26","guid":{"rendered":"http:\/\/zoomproducciones.com.ar\/zoomp\/?p=10088"},"modified":"2023-09-21T08:58:27","modified_gmt":"2023-09-21T11:58:27","slug":"por-que-se-regalan-flores-amarillas-los-21-de-septiembre","status":"publish","type":"post","link":"https:\/\/zoomproducciones.com.ar\/zoomp\/por-que-se-regalan-flores-amarillas-los-21-de-septiembre\/","title":{"rendered":"Por qu\u00e9 se regalan flores amarillas los 21 de septiembre"},"content":{"rendered":"\n<p>El origen de esta tradici\u00f3n tiene relaci\u00f3n con una <strong>canci\u00f3n de la novela argentina \u201cFloricienta\u201d, interpretada por Florencia Bertotti,<\/strong> la cual trata sobre una joven que trabaja como ni\u00f1era en una casa que corresponde a la familia Fritzenwalde. La historia de la novela muestra al hijo mayor de la familia, Federico, cuidando a sus hermanos luego de que los padres fallecen. Con el tiempo, Federico y Floricienta empiezan una relaci\u00f3n sentimental.<\/p>\n\n\n\n<p>Ahora bien, <strong>la tradici\u00f3n del 21 de septiembre surge justamente con el tema \u201cFlores amarillas\u201d, <\/strong>el cual tiene un p\u00e1rrafo que cuenta c\u00f3mo es que \u201cFloricienta\u201d tiene el sue\u00f1o desde peque\u00f1a de que le regalen flores amarillas. Debido a esto, la producci\u00f3n de la novela y sus miles de seguidores se encargaron de hacer tendencia su historia.<\/p>\n\n\n\n<p>Esta tradici\u00f3n est\u00e1 dirigida a las amistades o parejas sentimentales, quienes deber\u00e1n regalarse flores amarillas con el objetivo de expresar su amor entre s\u00ed y seguir el sue\u00f1o de \u201cFloricienta\u201d.<\/p>\n\n\n\n<figure class=\"wp-block-image size-large\"><a href=\"http:\/\/zoomproducciones.com.ar\/zoomp\/wp-content\/uploads\/2023\/09\/image-104.png\"><img decoding=\"async\" src=\"http:\/\/zoomproducciones.com.ar\/zoomp\/wp-content\/uploads\/2023\/09\/image-104-1024x576.png\" alt=\"\" class=\"wp-image-10089\"\/><\/a><\/figure>\n\n\n\n<figure class=\"wp-block-image size-large\"><a href=\"http:\/\/zoomproducciones.com.ar\/zoomp\/wp-content\/uploads\/2023\/09\/image-105.png\"><img decoding=\"async\" src=\"http:\/\/zoomproducciones.com.ar\/zoomp\/wp-content\/uploads\/2023\/09\/image-105-1024x538.png\" alt=\"\" class=\"wp-image-10090\"\/><\/a><\/figure>\n\n\n\n<figure class=\"wp-block-image size-full\"><a href=\"http:\/\/zoomproducciones.com.ar\/zoomp\/wp-content\/uploads\/2023\/09\/image-106.png\"><img decoding=\"async\" src=\"http:\/\/zoomproducciones.com.ar\/zoomp\/wp-content\/uploads\/2023\/09\/image-106.png\" alt=\"\" class=\"wp-image-10091\"\/><\/a><\/figure>\n","protected":false},"excerpt":{"rendered":"<p>El origen de esta tradici\u00f3n tiene relaci\u00f3n con una canci\u00f3n de la novela argentina \u201cFloricienta\u201d, interpretada por Florencia Bertotti, la cual trata sobre una joven que trabaja como ni\u00f1era en una casa que corresponde a la familia Fritzenwalde. La historia de la novela muestra al hijo mayor de la familia, Federico, cuidando a sus hermanos [&hellip;]<\/p>\n","protected":false},"author":2,"featured_media":0,"comment_status":"closed","ping_status":"open","sticky":false,"template":"","format":"standard","meta":{"footnotes":""},"categories":[6],"tags":[118,511],"class_list":{"0":"post-10088","1":"post","2":"type-post","3":"status-publish","4":"format-standard","6":"category-infogral","7":"tag-argentina","8":"tag-bloque-2"},"_links":{"self":[{"href":"https:\/\/zoomproducciones.com.ar\/zoomp\/wp-json\/wp\/v2\/posts\/10088","targetHints":{"allow":["GET"]}}],"collection":[{"href":"https:\/\/zoomproducciones.com.ar\/zoomp\/wp-json\/wp\/v2\/posts"}],"about":[{"href":"https:\/\/zoomproducciones.com.ar\/zoomp\/wp-json\/wp\/v2\/types\/post"}],"author":[{"embeddable":true,"href":"https:\/\/zoomproducciones.com.ar\/zoomp\/wp-json\/wp\/v2\/users\/2"}],"replies":[{"embeddable":true,"href":"https:\/\/zoomproducciones.com.ar\/zoomp\/wp-json\/wp\/v2\/comments?post=10088"}],"version-history":[{"count":1,"href":"https:\/\/zoomproducciones.com.ar\/zoomp\/wp-json\/wp\/v2\/posts\/10088\/revisions"}],"predecessor-version":[{"id":10093,"href":"https:\/\/zoomproducciones.com.ar\/zoomp\/wp-json\/wp\/v2\/posts\/10088\/revisions\/10093"}],"wp:attachment":[{"href":"https:\/\/zoomproducciones.com.ar\/zoomp\/wp-json\/wp\/v2\/media?parent=10088"}],"wp:term":[{"taxonomy":"category","embeddable":true,"href":"https:\/\/zoomproducciones.com.ar\/zoomp\/wp-json\/wp\/v2\/categories?post=10088"},{"taxonomy":"post_tag","embeddable":true,"href":"https:\/\/zoomproducciones.com.ar\/zoomp\/wp-json\/wp\/v2\/tags?post=10088"}],"curies":[{"name":"wp","href":"https:\/\/api.w.org\/{rel}","templated":true}]}}