{"id":8872,"date":"2023-08-14T23:26:23","date_gmt":"2023-08-15T02:26:23","guid":{"rendered":"http:\/\/zoomproducciones.com.ar\/zoomp\/?p=8872"},"modified":"2023-08-15T08:33:50","modified_gmt":"2023-08-15T11:33:50","slug":"marcelo-barovero-atajara-en-banfield","status":"publish","type":"post","link":"http:\/\/zoomproducciones.com.ar\/zoomp\/marcelo-barovero-atajara-en-banfield\/","title":{"rendered":"Marcelo Barovero atajar\u00e1 en Banfield"},"content":{"rendered":"\n<p>Marcelo Barovero&nbsp;regresar\u00e1 al f\u00fatbol argentino luego&nbsp;de siete a\u00f1os en el exterior. El arquero dej\u00f3&nbsp;Atl\u00e9tico San Luis&nbsp;de M\u00e9xico y&nbsp;se convertir\u00e1 en nuevo refuerzo de&nbsp;Banfield, de cara a lo que ser\u00e1 la lucha por la permanencia en primera divisi\u00f3n.<\/p>\n\n\n\n<blockquote class=\"twitter-tweet\"><p lang=\"es\" dir=\"ltr\">&#x1f6a8;Marcelo Barovero, a un paso de VOLVER al f\u00fatbol argentino.<br><br>&#x1f449;&#x1f3fe;Restan detalles para firmar un contrato con <a href=\"https:\/\/twitter.com\/hashtag\/Banfield?src=hash&amp;ref_src=twsrc%5Etfw\">#Banfield<\/a> por 18 meses. <a href=\"https:\/\/t.co\/LtH6H2X8Vo\">pic.twitter.com\/LtH6H2X8Vo<\/a><\/p>&mdash; Germ\u00e1n Garc\u00eda Grova (@GerGarciaGrova) <a href=\"https:\/\/twitter.com\/GerGarciaGrova\/status\/1691206243493322753?ref_src=twsrc%5Etfw\">August 14, 2023<\/a><\/blockquote> <script async src=\"https:\/\/platform.twitter.com\/widgets.js\" charset=\"utf-8\"><\/script>\n\n\n\n<p>Despu\u00e9s&nbsp;de su salida de&nbsp;River&nbsp;en 2016,&nbsp;<em>Trapito<\/em>&nbsp;sigui\u00f3 su carrera&nbsp;el f\u00fatbol mexicano, con una \u00fanica excepci\u00f3n entre 2020 y 2021 que fue parte del Burgo de la segunda divisi\u00f3n B de Espa\u00f1a.&nbsp;Se espera que Barovero viaje en los pr\u00f3ximos d\u00edas para Argentina&nbsp;y as\u00ed dar inicio a su etapa en el Taladro. <\/p>\n\n\n\n<p>El arquero de 39 a\u00f1os,&nbsp;se&nbsp;unir\u00e1 al equipo de&nbsp;Julio C\u00e9sar Falcioni por 18 meses, firmando en calidad de&nbsp;\u00abjugador libre\u00bb&nbsp;para jugar la Copa de la Liga Profesional 2023.<\/p>\n\n\n\n<p><\/p>\n","protected":false},"excerpt":{"rendered":"<p>Marcelo Barovero&nbsp;regresar\u00e1 al f\u00fatbol argentino luego&nbsp;de siete a\u00f1os en el exterior. El arquero dej\u00f3&nbsp;Atl\u00e9tico San Luis&nbsp;de M\u00e9xico y&nbsp;se convertir\u00e1 en nuevo refuerzo de&nbsp;Banfield, de cara a lo que ser\u00e1 la lucha por la permanencia en primera divisi\u00f3n. &#x1f6a8;Marcelo Barovero, a un paso de VOLVER al f\u00fatbol argentino. &#x1f449;&#x1f3fe;Restan detalles para firmar un contrato con #Banfield [&hellip;]<\/p>\n","protected":false},"author":2,"featured_media":0,"comment_status":"closed","ping_status":"open","sticky":false,"template":"","format":"standard","meta":{"footnotes":""},"categories":[372],"tags":[511,458],"class_list":{"0":"post-8872","1":"post","2":"type-post","3":"status-publish","4":"format-standard","6":"category-futbol","7":"tag-bloque-2","8":"tag-deportes"},"_links":{"self":[{"href":"http:\/\/zoomproducciones.com.ar\/zoomp\/wp-json\/wp\/v2\/posts\/8872","targetHints":{"allow":["GET"]}}],"collection":[{"href":"http:\/\/zoomproducciones.com.ar\/zoomp\/wp-json\/wp\/v2\/posts"}],"about":[{"href":"http:\/\/zoomproducciones.com.ar\/zoomp\/wp-json\/wp\/v2\/types\/post"}],"author":[{"embeddable":true,"href":"http:\/\/zoomproducciones.com.ar\/zoomp\/wp-json\/wp\/v2\/users\/2"}],"replies":[{"embeddable":true,"href":"http:\/\/zoomproducciones.com.ar\/zoomp\/wp-json\/wp\/v2\/comments?post=8872"}],"version-history":[{"count":2,"href":"http:\/\/zoomproducciones.com.ar\/zoomp\/wp-json\/wp\/v2\/posts\/8872\/revisions"}],"predecessor-version":[{"id":8875,"href":"http:\/\/zoomproducciones.com.ar\/zoomp\/wp-json\/wp\/v2\/posts\/8872\/revisions\/8875"}],"wp:attachment":[{"href":"http:\/\/zoomproducciones.com.ar\/zoomp\/wp-json\/wp\/v2\/media?parent=8872"}],"wp:term":[{"taxonomy":"category","embeddable":true,"href":"http:\/\/zoomproducciones.com.ar\/zoomp\/wp-json\/wp\/v2\/categories?post=8872"},{"taxonomy":"post_tag","embeddable":true,"href":"http:\/\/zoomproducciones.com.ar\/zoomp\/wp-json\/wp\/v2\/tags?post=8872"}],"curies":[{"name":"wp","href":"https:\/\/api.w.org\/{rel}","templated":true}]}}