{"id":8578,"date":"2023-08-07T14:13:24","date_gmt":"2023-08-07T17:13:24","guid":{"rendered":"http:\/\/zoomproducciones.com.ar\/zoomp\/?p=8578"},"modified":"2023-08-07T15:35:07","modified_gmt":"2023-08-07T18:35:07","slug":"yapeyu-matias-valdez-tocara-en-el-aniversario-de-san-martin","status":"publish","type":"post","link":"http:\/\/zoomproducciones.com.ar\/zoomp\/yapeyu-matias-valdez-tocara-en-el-aniversario-de-san-martin\/","title":{"rendered":"Yapey\u00fa: Mat\u00edas Valdez tocar\u00e1 en el Aniversario de San Mart\u00edn"},"content":{"rendered":"\n<p>El pr\u00f3ximo mi\u00e9rcoles 16 de agosto se dar\u00e1 inicio a una nueva fiesta del Aniversario del General San Mart\u00edn. Con el nombre de \u00abFestival del Libertador\u00bb las personas podr\u00e1n disfrutar de shows musicales con entrada libre y gratuita.<\/p>\n\n\n\n<p>La fiesta es organizada por la Municipalidad de Yapey\u00fa junto al Gobierno Provincial y comenzar\u00e1 a las 21 horas en el Camping Municipal de la localidad.<\/p>\n\n\n\n<p>Se espera la participaci\u00f3n de grandes artistas, entre ellos un show en vivo de Matias Valdez y la m\u00fasica y animaci\u00f3n de Guille Atencio.<\/p>\n\n\n\n<p><\/p>\n\n\n<div class=\"wp-block-image\">\n<figure class=\"aligncenter size-large is-resized\"><a href=\"http:\/\/zoomproducciones.com.ar\/zoomp\/wp-content\/uploads\/2023\/08\/IMG-20230807-WA0024.jpg\"><img loading=\"lazy\" decoding=\"async\" src=\"http:\/\/zoomproducciones.com.ar\/zoomp\/wp-content\/uploads\/2023\/08\/IMG-20230807-WA0024-576x1024.jpg\" alt=\"\" class=\"wp-image-8589\" width=\"297\" height=\"529\"\/><\/a><\/figure>\n<\/div>","protected":false},"excerpt":{"rendered":"<p>El pr\u00f3ximo mi\u00e9rcoles 16 de agosto se dar\u00e1 inicio a una nueva fiesta del Aniversario del General San Mart\u00edn. Con el nombre de \u00abFestival del Libertador\u00bb las personas podr\u00e1n disfrutar de shows musicales con entrada libre y gratuita. La fiesta es organizada por la Municipalidad de Yapey\u00fa junto al Gobierno Provincial y comenzar\u00e1 a las [&hellip;]<\/p>\n","protected":false},"author":2,"featured_media":0,"comment_status":"closed","ping_status":"open","sticky":false,"template":"","format":"standard","meta":{"footnotes":""},"categories":[3],"tags":[42,116],"class_list":{"0":"post-8578","1":"post","2":"type-post","3":"status-publish","4":"format-standard","6":"category-provinciales","7":"tag-featured","8":"tag-paso-de-los-libres"},"_links":{"self":[{"href":"http:\/\/zoomproducciones.com.ar\/zoomp\/wp-json\/wp\/v2\/posts\/8578","targetHints":{"allow":["GET"]}}],"collection":[{"href":"http:\/\/zoomproducciones.com.ar\/zoomp\/wp-json\/wp\/v2\/posts"}],"about":[{"href":"http:\/\/zoomproducciones.com.ar\/zoomp\/wp-json\/wp\/v2\/types\/post"}],"author":[{"embeddable":true,"href":"http:\/\/zoomproducciones.com.ar\/zoomp\/wp-json\/wp\/v2\/users\/2"}],"replies":[{"embeddable":true,"href":"http:\/\/zoomproducciones.com.ar\/zoomp\/wp-json\/wp\/v2\/comments?post=8578"}],"version-history":[{"count":5,"href":"http:\/\/zoomproducciones.com.ar\/zoomp\/wp-json\/wp\/v2\/posts\/8578\/revisions"}],"predecessor-version":[{"id":8591,"href":"http:\/\/zoomproducciones.com.ar\/zoomp\/wp-json\/wp\/v2\/posts\/8578\/revisions\/8591"}],"wp:attachment":[{"href":"http:\/\/zoomproducciones.com.ar\/zoomp\/wp-json\/wp\/v2\/media?parent=8578"}],"wp:term":[{"taxonomy":"category","embeddable":true,"href":"http:\/\/zoomproducciones.com.ar\/zoomp\/wp-json\/wp\/v2\/categories?post=8578"},{"taxonomy":"post_tag","embeddable":true,"href":"http:\/\/zoomproducciones.com.ar\/zoomp\/wp-json\/wp\/v2\/tags?post=8578"}],"curies":[{"name":"wp","href":"https:\/\/api.w.org\/{rel}","templated":true}]}}