{"id":8573,"date":"2023-08-07T09:41:29","date_gmt":"2023-08-07T12:41:29","guid":{"rendered":"http:\/\/zoomproducciones.com.ar\/zoomp\/?p=8573"},"modified":"2023-08-07T09:41:30","modified_gmt":"2023-08-07T12:41:30","slug":"elecciones-2023-mas-de-un-millon-de-jovenes-votaran-por-primera-vez","status":"publish","type":"post","link":"http:\/\/zoomproducciones.com.ar\/zoomp\/elecciones-2023-mas-de-un-millon-de-jovenes-votaran-por-primera-vez\/","title":{"rendered":"Elecciones 2023: m\u00e1s de un mill\u00f3n de j\u00f3venes votar\u00e1n por primera vez"},"content":{"rendered":"\n<p>Un total de\u00a0<strong>1.168.033 j\u00f3venes de 16 y 17 a\u00f1os\u00a0<\/strong>est\u00e1n habilitados para votar en las PASO del pr\u00f3ximo domingo y en las generales del 22 de octubre, as\u00ed como en un eventual balotaje el 19 de noviembre, una cifra que representa\u00a0<strong>el 3,3% de los electores que figuran en el padr\u00f3n nacional.<\/strong><\/p>\n\n\n\n<p>De ese total de quienes votar\u00e1n por primera vez se debe descontar el n\u00famero de 3.213 j\u00f3venes, que son quienes viven en el exterior y que por la normativa electoral vigente no pueden participar de las PASO, aunque s\u00ed en los restantes comicios.<\/p>\n\n\n\n<p><strong>El derecho a votar de los j\u00f3venes en la Argentina se instaur\u00f3 en el a\u00f1o 2012, al modificarse la ley 26.774<\/strong>. Antes de la modificaci\u00f3n, las personas pod\u00edan comenzar a participar de las elecciones a partir de los 18 a\u00f1os.<\/p>\n\n\n\n<p>Del total de j\u00f3venes incorporados en el padr\u00f3n para estos comicios, exceptuados los del exterior, el mayor n\u00famero corresponde a la provincia de Buenos Aires, con 456.346; seguido de C\u00f3rdoba, con 92.969; Santa Fe, 81.312; ciudad de Buenos Aires, 60.404; Mendoza, 51.184; Tucum\u00e1n, 44.610; Salta, 39.883; Misiones, 38.227; Entre R\u00edos, 35.226; Chaco, 33.040; y <strong>Corrientes, 30.072.<\/strong><\/p>\n\n\n\n<p>Se ubican despu\u00e9s Santiago del Estero, con 26.188; San Juan, 23.797; Jujuy, 21.599; R\u00edo Negro, 19.311; Neuqu\u00e9n, 18.993; Formosa, 17.609; Chubut, 15.664; San Luis, 15.114; Catamarca, 11.286; La Rioja, 10.558; Santa Cruz, 10.053; La Pampa, 9.082; y Tierra del Fuego, 5.253.<\/p>\n","protected":false},"excerpt":{"rendered":"<p>Un total de\u00a01.168.033 j\u00f3venes de 16 y 17 a\u00f1os\u00a0est\u00e1n habilitados para votar en las PASO del pr\u00f3ximo domingo y en las generales del 22 de octubre, as\u00ed como en un eventual balotaje el 19 de noviembre, una cifra que representa\u00a0el 3,3% de los electores que figuran en el padr\u00f3n nacional. De ese total de quienes [&hellip;]<\/p>\n","protected":false},"author":2,"featured_media":0,"comment_status":"closed","ping_status":"open","sticky":false,"template":"","format":"standard","meta":{"footnotes":""},"categories":[484],"tags":[118,511,175],"class_list":{"0":"post-8573","1":"post","2":"type-post","3":"status-publish","4":"format-standard","6":"category-elecciones-2023","7":"tag-argentina","8":"tag-bloque-2","9":"tag-elecciones-2023"},"_links":{"self":[{"href":"http:\/\/zoomproducciones.com.ar\/zoomp\/wp-json\/wp\/v2\/posts\/8573","targetHints":{"allow":["GET"]}}],"collection":[{"href":"http:\/\/zoomproducciones.com.ar\/zoomp\/wp-json\/wp\/v2\/posts"}],"about":[{"href":"http:\/\/zoomproducciones.com.ar\/zoomp\/wp-json\/wp\/v2\/types\/post"}],"author":[{"embeddable":true,"href":"http:\/\/zoomproducciones.com.ar\/zoomp\/wp-json\/wp\/v2\/users\/2"}],"replies":[{"embeddable":true,"href":"http:\/\/zoomproducciones.com.ar\/zoomp\/wp-json\/wp\/v2\/comments?post=8573"}],"version-history":[{"count":1,"href":"http:\/\/zoomproducciones.com.ar\/zoomp\/wp-json\/wp\/v2\/posts\/8573\/revisions"}],"predecessor-version":[{"id":8575,"href":"http:\/\/zoomproducciones.com.ar\/zoomp\/wp-json\/wp\/v2\/posts\/8573\/revisions\/8575"}],"wp:attachment":[{"href":"http:\/\/zoomproducciones.com.ar\/zoomp\/wp-json\/wp\/v2\/media?parent=8573"}],"wp:term":[{"taxonomy":"category","embeddable":true,"href":"http:\/\/zoomproducciones.com.ar\/zoomp\/wp-json\/wp\/v2\/categories?post=8573"},{"taxonomy":"post_tag","embeddable":true,"href":"http:\/\/zoomproducciones.com.ar\/zoomp\/wp-json\/wp\/v2\/tags?post=8573"}],"curies":[{"name":"wp","href":"https:\/\/api.w.org\/{rel}","templated":true}]}}