{"id":5837,"date":"2023-05-25T10:23:05","date_gmt":"2023-05-25T13:23:05","guid":{"rendered":"http:\/\/zoomproducciones.com.ar\/zoomp\/?p=5837"},"modified":"2023-05-25T10:23:06","modified_gmt":"2023-05-25T13:23:06","slug":"ana-mino-sobre-la-negativa-del-fdt-de-tratar-el-proyecto-del-caso-nehemias-en-el-orden-del-dia","status":"publish","type":"post","link":"http:\/\/zoomproducciones.com.ar\/zoomp\/ana-mino-sobre-la-negativa-del-fdt-de-tratar-el-proyecto-del-caso-nehemias-en-el-orden-del-dia\/","title":{"rendered":"Ana Mi\u00f1o sobre la negativa del FdT de tratar el proyecto del caso Nehem\u00edas en el orden del d\u00eda"},"content":{"rendered":"\n<p>Ana Mi\u00f1o charl\u00f3 con Zoom Producciones acerca de la \u00faltima sesi\u00f3n del Concejo Deliberante. La concejala explic\u00f3 lo sucedido entre la oposici\u00f3n y el oficialismo sobre el proyecto presentado por el caso Nehem\u00edas.<\/p>\n\n\n\n<p>En la sesi\u00f3n de este \u00faltimo martes se trataron dos cuestiones relacionadas al caso Nehem\u00edas. Por un lado, una nota presentada por la madre del menor; y por el otro, un proyecto del Frente de Todos en donde piden respuestas al Ministerio de Salud de la Provincia. <\/p>\n\n\n\n<p>La discusi\u00f3n comenz\u00f3 cuando los concejales de ECO + Vamos Corrientes solicitaron que se incluya el pedido de informe del Frente de Todos al orden del d\u00eda, para tratarlo en la misma jornada y elevarlo. El oficialismo se neg\u00f3 y pidi\u00f3 que el proyecto, y la nota, se traten en una comisi\u00f3n en conjunto.<\/p>\n\n\n\n<h2 class=\"wp-block-heading\">Palabras de Ana Mi\u00f1o<\/h2>\n\n\n\n<p>La concejal de ECO aclar\u00f3 que \u00bbno hay discusi\u00f3n en la situaci\u00f3n. Coincidimos en todo, e<strong>s una situaci\u00f3n grave y estamos ante la presencia del fallecimiento de un ni\u00f1o y el dolor de una familia<\/strong>\u00bb. \u00bbEsto est\u00e1 por encima de cualquier discusi\u00f3n pol\u00edtica\u00bb razon\u00f3.<\/p>\n\n\n\n<p>\u00bb<strong>Esto no admite una utilizaci\u00f3n pol\u00edtica<\/strong>. Cuando ocurren estas cosas (lo sucedido en la sesi\u00f3n) es donde uno se pregunta realmente qu\u00e9 es lo que est\u00e1n buscando, si efectivamente les causa dolor la situaci\u00f3n, si realmente quieren buscar la verdad o no\u00bb expres\u00f3.<\/p>\n\n\n\n<h2 class=\"wp-block-heading\">Diferentes posturas<\/h2>\n\n\n\n<p>Ana Mi\u00f1o expres\u00f3 qu\u00e9 contenido ten\u00eda el proyecto presentado: \u00bbEllos (FdT) quieren saber <strong>cu\u00e1l fue el procedimiento<\/strong> que se llev\u00f3 a cabo cuando se lo atendi\u00f3 a Nehem\u00edas y <strong>qu\u00e9 medidas se tomaron con respecto a los profesionales que lo atendieron<\/strong>. <strong>Tambi\u00e9n qu\u00e9 medidas se van a tomar con respecto a las quejas del Hospital\u00bb<\/strong>.<\/p>\n\n\n\n<p>\u00bbLo que pas\u00f3 es que nosotros, cuando ellos hacen la exposici\u00f3n, nos pareci\u00f3 que en lugar de que el proyecto, con la nota adjunta, pase a la comisi\u00f3n de salud<strong>, pedimos que ya se trate al orden del d\u00eda<\/strong>\u00bb explic\u00f3. \u00bb\u00bfCu\u00e1l es el objetivo de que se pase a las comisiones? <strong>Es para tratar el tema, para discutirlo, para ver si estamos todos de acuerdo o no<\/strong>, <strong>y en este caso estamos todos de acuerdo,<\/strong> no hay nada por discutir con respecto a esto\u00bb.<\/p>\n\n\n\n<p>\u00bbCuando nosotros pedimos que se pase al orden del d\u00eda, ellos piden un cuarto intermedio. <strong>Eso nos sorprende<\/strong> porque si es un proyecto de ellos, y nosotros acompa\u00f1amos,<strong> \u00bfCu\u00e1l es el problema?<\/strong>\u00bb analiz\u00f3 Mi\u00f1o. \u00bbEllos expresan que la mam\u00e1 quer\u00eda seguir juntando firmas a la nota, pero \u00bfcu\u00e1l es el problema? <strong>Podr\u00eda haber salido igual el proyecto<\/strong>\u00bb<\/p>\n\n\n\n<p>Mi\u00f1o coment\u00f3 que el concejal Legarreta expres\u00f3 que si el proyecto era tratado en el orden del d\u00eda el <strong>\u00bbtema muere ah\u00ed\u00bb.<\/strong> <strong>\u00bbEso es una barbaridad<\/strong>. \u00bfQu\u00e9 es lo que quier\u00e9n ellos? <strong>\u00bfQuier\u00e9n que el Ministro les responda? o \u00bfQuieren dilatar esto en el tiempo para hacer una utilizaci\u00f3n pol\u00edtica?<\/strong>\u00bb pregunt\u00f3.<\/p>\n\n\n\n<p>\u00bbEllos dijeron que se trate en comisi\u00f3n <strong>para que el proyecto se pueda discutir entre todos, las dos comisiones y que participe la mam\u00e1 de Nehem\u00edas&#8217;<\/strong>&#8216; expres\u00f3 Mi\u00f1o. \u00bbQuer\u00edan agregarle m\u00e1s art\u00edculos&#8230; \u00bfPor qu\u00e9 no presentaron el proyecto que deb\u00edan presentar?\u00bb.<\/p>\n\n\n\n<p>\u00bbNo podemos entender cu\u00e1l es el objetivo por el cual ellos no hayan querido pasar esto al orden del d\u00eda\u00bb confes\u00f3.<\/p>\n\n\n\n<p>Los cinco votos del Frente de Todos fueron de los concejales: <strong>Bares, Rojas, Rold\u00e1n, Di Tella y Legarreta<\/strong>. Estaban ausentes los concejales Asc\u00faa y Gauto Avancini.<\/p>\n\n\n\n<h2 class=\"wp-block-heading\"><\/h2>\n","protected":false},"excerpt":{"rendered":"<p>Ana Mi\u00f1o charl\u00f3 con Zoom Producciones acerca de la \u00faltima sesi\u00f3n del Concejo Deliberante. La concejala explic\u00f3 lo sucedido entre la oposici\u00f3n y el oficialismo sobre el proyecto presentado por el caso Nehem\u00edas. En la sesi\u00f3n de este \u00faltimo martes se trataron dos cuestiones relacionadas al caso Nehem\u00edas. Por un lado, una nota presentada por [&hellip;]<\/p>\n","protected":false},"author":2,"featured_media":0,"comment_status":"closed","ping_status":"open","sticky":false,"template":"","format":"standard","meta":{"footnotes":""},"categories":[5],"tags":[136,42,116],"class_list":{"0":"post-5837","1":"post","2":"type-post","3":"status-publish","4":"format-standard","6":"category-locales","7":"tag-concejo-deliberante","8":"tag-featured","9":"tag-paso-de-los-libres"},"_links":{"self":[{"href":"http:\/\/zoomproducciones.com.ar\/zoomp\/wp-json\/wp\/v2\/posts\/5837","targetHints":{"allow":["GET"]}}],"collection":[{"href":"http:\/\/zoomproducciones.com.ar\/zoomp\/wp-json\/wp\/v2\/posts"}],"about":[{"href":"http:\/\/zoomproducciones.com.ar\/zoomp\/wp-json\/wp\/v2\/types\/post"}],"author":[{"embeddable":true,"href":"http:\/\/zoomproducciones.com.ar\/zoomp\/wp-json\/wp\/v2\/users\/2"}],"replies":[{"embeddable":true,"href":"http:\/\/zoomproducciones.com.ar\/zoomp\/wp-json\/wp\/v2\/comments?post=5837"}],"version-history":[{"count":1,"href":"http:\/\/zoomproducciones.com.ar\/zoomp\/wp-json\/wp\/v2\/posts\/5837\/revisions"}],"predecessor-version":[{"id":5838,"href":"http:\/\/zoomproducciones.com.ar\/zoomp\/wp-json\/wp\/v2\/posts\/5837\/revisions\/5838"}],"wp:attachment":[{"href":"http:\/\/zoomproducciones.com.ar\/zoomp\/wp-json\/wp\/v2\/media?parent=5837"}],"wp:term":[{"taxonomy":"category","embeddable":true,"href":"http:\/\/zoomproducciones.com.ar\/zoomp\/wp-json\/wp\/v2\/categories?post=5837"},{"taxonomy":"post_tag","embeddable":true,"href":"http:\/\/zoomproducciones.com.ar\/zoomp\/wp-json\/wp\/v2\/tags?post=5837"}],"curies":[{"name":"wp","href":"https:\/\/api.w.org\/{rel}","templated":true}]}}